{"id":1358,"date":"2026-03-16T18:42:19","date_gmt":"2026-03-16T23:42:19","guid":{"rendered":"https:\/\/www.lanovenaestacion.com\/?p=1358"},"modified":"2026-03-16T18:43:04","modified_gmt":"2026-03-16T23:43:04","slug":"nicky-jam-regresa-a-bogota-con-su-tamo-activo-tour-y-anuncia-nueva-localidad-para-menores-de-edad","status":"publish","type":"post","link":"https:\/\/www.lanovenaestacion.com\/index.php\/2026\/03\/16\/nicky-jam-regresa-a-bogota-con-su-tamo-activo-tour-y-anuncia-nueva-localidad-para-menores-de-edad\/","title":{"rendered":"NICKY JAM REGRESA A BOGOT\u00c1 CON SU \u201cTAMO ACTIVO TOUR\u201d Y ANUNCIA NUEVA LOCALIDAD PARA MENORES DE EDAD"},"content":{"rendered":"\n<p>Bogot\u00e1, Colombia.<br>La capital colombiana se prepara para recibir uno de los espect\u00e1culos musicales m\u00e1s esperados del a\u00f1o. El reconocido artista urbano <strong>Nicky Jam<\/strong> llegar\u00e1 a Bogot\u00e1 con su gira internacional <strong>\u201cTamo Activo Tour\u201d<\/strong>, present\u00e1ndose el pr\u00f3ximo <strong>6 de junio en el Estadio El Camp\u00edn<\/strong>, en un evento que promete una experiencia de alto nivel para miles de fan\u00e1ticos.<\/p>\n\n\n\n<figure class=\"wp-block-image size-large\"><img loading=\"lazy\" decoding=\"async\" width=\"819\" height=\"1024\" src=\"https:\/\/www.lanovenaestacion.com\/wp-content\/uploads\/2026\/03\/FEED-MENORES-DE-EDAD-NICKY-JAM-2-819x1024.png\" alt=\"\" class=\"wp-image-1359\" srcset=\"https:\/\/www.lanovenaestacion.com\/wp-content\/uploads\/2026\/03\/FEED-MENORES-DE-EDAD-NICKY-JAM-2-819x1024.png 819w, https:\/\/www.lanovenaestacion.com\/wp-content\/uploads\/2026\/03\/FEED-MENORES-DE-EDAD-NICKY-JAM-2-240x300.png 240w, https:\/\/www.lanovenaestacion.com\/wp-content\/uploads\/2026\/03\/FEED-MENORES-DE-EDAD-NICKY-JAM-2-768x960.png 768w, https:\/\/www.lanovenaestacion.com\/wp-content\/uploads\/2026\/03\/FEED-MENORES-DE-EDAD-NICKY-JAM-2.png 1080w\" sizes=\"auto, (max-width: 819px) 100vw, 819px\" \/><\/figure>\n\n\n\n<p>Ante la alta demanda de boleter\u00eda, la organizaci\u00f3n anunci\u00f3 la apertura de una <strong>nueva localidad habilitada para menores de edad<\/strong>. Esta zona estar\u00e1 ubicada en <strong>Oriental Alta<\/strong>, con edad m\u00ednima de ingreso de <strong>16 a\u00f1os<\/strong>, y contar\u00e1 con un espacio libre de venta y consumo de bebidas alcoh\u00f3licas, garantizando as\u00ed un ambiente seguro para los asistentes. Los menores deber\u00e1n ingresar acompa\u00f1ados por un adulto responsable.<\/p>\n\n\n\n<p>El concierto contar\u00e1 adem\u00e1s con la participaci\u00f3n del artista <strong>Be\u00e9le<\/strong>, primer invitado confirmado del evento, con quien Nicky Jam present\u00f3 recientemente su sencillo <strong>\u201cTA\u2019 BIEN\u201d<\/strong>.<\/p>\n\n\n\n<p>Con m\u00e1s de dos d\u00e9cadas de trayectoria, Nicky Jam se ha consolidado como una de las figuras m\u00e1s influyentes de la m\u00fasica urbana a nivel mundial. \u00c9xitos como <strong>\u201cEl Perd\u00f3n\u201d, \u201cHasta el Amanecer\u201d, \u201cX\u201d, \u201cTravesuras\u201d y \u201cTe Bot\u00e9 (Remix)\u201d<\/strong> lo han mantenido en los primeros lugares de popularidad, convirti\u00e9ndolo en un referente del g\u00e9nero.<\/p>\n\n\n\n<p><em>\u201c<strong>Colombia es una casa para m\u00ed. Bogot\u00e1 siempre me recibe con un cari\u00f1o que me llega al coraz\u00f3n. Este concierto es para ustedes<\/strong>\u201d, expres\u00f3 el artista durante el anuncio oficial del evento.<\/em><\/p>\n\n\n\n<p>La venta de entradas se realiza a trav\u00e9s de la plataforma oficial <strong>Tuboleta<\/strong>, y varias localidades ya se encuentran agotadas debido a la gran acogida del p\u00fablico. La organizaci\u00f3n recomienda adquirir las boletas \u00fanicamente por los canales oficiales para evitar fraudes.<\/p>\n\n\n\n<p>El evento es producido por <strong>Alive<\/strong>, en alianza con <strong>Mega Live<\/strong>, quienes garantizar\u00e1n un espect\u00e1culo de alto nivel en sonido, iluminaci\u00f3n, producci\u00f3n visual y experiencia para todos los asistentes.<\/p>\n\n\n\n<p>El <strong>\u201cTamo Activo Tour\u201d<\/strong> recorrer\u00e1 los escenarios m\u00e1s importantes de Latinoam\u00e9rica, llevando a los fans una noche llena de energ\u00eda, m\u00fasica y los grandes \u00e9xitos que han marcado a toda una generaci\u00f3n.<\/p>\n\n\n\n<figure class=\"wp-block-gallery has-nested-images columns-default is-cropped wp-block-gallery-1 is-layout-flex wp-block-gallery-is-layout-flex\">\n<figure class=\"wp-block-image size-large\"><img loading=\"lazy\" decoding=\"async\" width=\"819\" height=\"1024\" data-id=\"1360\" src=\"https:\/\/www.lanovenaestacion.com\/wp-content\/uploads\/2026\/03\/FEED-NUEVA-LOCALIDAD-MENORES-NICKY-JAM-BOGOTA-819x1024.png\" alt=\"\" class=\"wp-image-1360\" srcset=\"https:\/\/www.lanovenaestacion.com\/wp-content\/uploads\/2026\/03\/FEED-NUEVA-LOCALIDAD-MENORES-NICKY-JAM-BOGOTA-819x1024.png 819w, https:\/\/www.lanovenaestacion.com\/wp-content\/uploads\/2026\/03\/FEED-NUEVA-LOCALIDAD-MENORES-NICKY-JAM-BOGOTA-240x300.png 240w, https:\/\/www.lanovenaestacion.com\/wp-content\/uploads\/2026\/03\/FEED-NUEVA-LOCALIDAD-MENORES-NICKY-JAM-BOGOTA-768x960.png 768w, https:\/\/www.lanovenaestacion.com\/wp-content\/uploads\/2026\/03\/FEED-NUEVA-LOCALIDAD-MENORES-NICKY-JAM-BOGOTA.png 1080w\" sizes=\"auto, (max-width: 819px) 100vw, 819px\" \/><\/figure>\n\n\n\n<figure class=\"wp-block-image size-large\"><img loading=\"lazy\" decoding=\"async\" width=\"819\" height=\"1024\" data-id=\"1361\" src=\"https:\/\/www.lanovenaestacion.com\/wp-content\/uploads\/2026\/03\/FEED-PRECIOS-CON-NUEVA-LOCALIDAD-NICKY-JAM-819x1024.png\" alt=\"\" class=\"wp-image-1361\" srcset=\"https:\/\/www.lanovenaestacion.com\/wp-content\/uploads\/2026\/03\/FEED-PRECIOS-CON-NUEVA-LOCALIDAD-NICKY-JAM-819x1024.png 819w, https:\/\/www.lanovenaestacion.com\/wp-content\/uploads\/2026\/03\/FEED-PRECIOS-CON-NUEVA-LOCALIDAD-NICKY-JAM-240x300.png 240w, https:\/\/www.lanovenaestacion.com\/wp-content\/uploads\/2026\/03\/FEED-PRECIOS-CON-NUEVA-LOCALIDAD-NICKY-JAM-768x960.png 768w, https:\/\/www.lanovenaestacion.com\/wp-content\/uploads\/2026\/03\/FEED-PRECIOS-CON-NUEVA-LOCALIDAD-NICKY-JAM.png 1080w\" sizes=\"auto, (max-width: 819px) 100vw, 819px\" \/><\/figure>\n<\/figure>\n\n\n\n<p><\/p>\n\n\n\n<p><strong>\u00daLTIMAS BOLETAS\u00a0<\/strong><\/p>\n\n\n\n<p>La venta de entradas se realizar\u00e1 a trav\u00e9s de la plataforma oficial Tuboleta,&nbsp;<\/p>\n\n\n\n<p>\u00b7&nbsp;&nbsp;&nbsp;&nbsp;&nbsp;&nbsp;Primera etapa con descuento hasta el 3 de Abril o Agotar boleter\u00eda&nbsp;<\/p>\n\n\n\n<p>\u00b7&nbsp;&nbsp;&nbsp;&nbsp;&nbsp;&nbsp;Venta para menores hasta agotar existencias (<a href=\"https:\/\/tbpgpal.checkout.tuboleta.com\/selection\/event\/date?productId=10230372398939\" target=\"_blank\" rel=\"noreferrer noopener\">https:\/\/tbpgpal.checkout.tuboleta.com\/selection\/event\/date?productId=10230372398939<\/a>)<\/p>\n\n\n\n<figure class=\"wp-block-embed is-type-video is-provider-youtube wp-block-embed-youtube wp-embed-aspect-16-9 wp-has-aspect-ratio\"><div class=\"wp-block-embed__wrapper\">\n<iframe loading=\"lazy\" title=\"Nicky Jam x Be\u00e9le - Ta\u00b4 bien (Official Video)\" width=\"640\" height=\"360\" src=\"https:\/\/www.youtube.com\/embed\/MBuFOC32sek?feature=oembed\" frameborder=\"0\" allow=\"accelerometer; autoplay; clipboard-write; encrypted-media; gyroscope; picture-in-picture; web-share\" referrerpolicy=\"strict-origin-when-cross-origin\" allowfullscreen><\/iframe>\n<\/div><\/figure>\n\n\n\n<p><\/p>\n","protected":false},"excerpt":{"rendered":"<p>Bogot\u00e1, Colombia.La capital colombiana se prepara para recibir uno de los espect\u00e1culos musicales m\u00e1s esperados del a\u00f1o. El reconocido artista urbano Nicky Jam llegar\u00e1 a Bogot\u00e1 con su gira internacional \u201cTamo Activo Tour\u201d, present\u00e1ndose el pr\u00f3ximo 6 de junio en el Estadio El Camp\u00edn, en un evento que promete una experiencia de alto nivel para [&hellip;]<\/p>\n","protected":false},"author":2,"featured_media":1363,"comment_status":"open","ping_status":"open","sticky":false,"template":"","format":"standard","meta":{"footnotes":""},"categories":[3,1],"tags":[],"class_list":["post-1358","post","type-post","status-publish","format-standard","has-post-thumbnail","hentry","category-noticias-dia-a-dia","category-uncategorized"],"_links":{"self":[{"href":"https:\/\/www.lanovenaestacion.com\/index.php\/wp-json\/wp\/v2\/posts\/1358","targetHints":{"allow":["GET"]}}],"collection":[{"href":"https:\/\/www.lanovenaestacion.com\/index.php\/wp-json\/wp\/v2\/posts"}],"about":[{"href":"https:\/\/www.lanovenaestacion.com\/index.php\/wp-json\/wp\/v2\/types\/post"}],"author":[{"embeddable":true,"href":"https:\/\/www.lanovenaestacion.com\/index.php\/wp-json\/wp\/v2\/users\/2"}],"replies":[{"embeddable":true,"href":"https:\/\/www.lanovenaestacion.com\/index.php\/wp-json\/wp\/v2\/comments?post=1358"}],"version-history":[{"count":1,"href":"https:\/\/www.lanovenaestacion.com\/index.php\/wp-json\/wp\/v2\/posts\/1358\/revisions"}],"predecessor-version":[{"id":1362,"href":"https:\/\/www.lanovenaestacion.com\/index.php\/wp-json\/wp\/v2\/posts\/1358\/revisions\/1362"}],"wp:featuredmedia":[{"embeddable":true,"href":"https:\/\/www.lanovenaestacion.com\/index.php\/wp-json\/wp\/v2\/media\/1363"}],"wp:attachment":[{"href":"https:\/\/www.lanovenaestacion.com\/index.php\/wp-json\/wp\/v2\/media?parent=1358"}],"wp:term":[{"taxonomy":"category","embeddable":true,"href":"https:\/\/www.lanovenaestacion.com\/index.php\/wp-json\/wp\/v2\/categories?post=1358"},{"taxonomy":"post_tag","embeddable":true,"href":"https:\/\/www.lanovenaestacion.com\/index.php\/wp-json\/wp\/v2\/tags?post=1358"}],"curies":[{"name":"wp","href":"https:\/\/api.w.org\/{rel}","templated":true}]}}