{"id":182,"date":"2024-06-14T13:02:05","date_gmt":"2024-06-14T18:02:05","guid":{"rendered":"https:\/\/www.lanovenaestacion.com\/?p=182"},"modified":"2025-02-08T19:19:20","modified_gmt":"2025-02-09T00:19:20","slug":"comunicado-de-prensa-premios-icono","status":"publish","type":"post","link":"https:\/\/www.lanovenaestacion.com\/index.php\/2024\/06\/14\/comunicado-de-prensa-premios-icono\/","title":{"rendered":"Comunicado de prensa Premios \u00edcono"},"content":{"rendered":"\n<p class=\"has-text-align-center\"><strong>\u00a1Gracias Medell\u00edn! Exitosa rueda de prensa previa a Premios \u00cdcono, en la celebraci\u00f3n de<br>sus 5 a\u00f1os<\/strong><\/p>\n\n\n<div class=\"wp-block-image\">\n<figure class=\"aligncenter size-full\"><img decoding=\"async\" src=\"https:\/\/www.lanovenaestacion.com\/wp-content\/uploads\/2024\/06\/premiosicono-1.jpg\" alt=\"\" class=\"wp-image-191\"\/><\/figure>\n<\/div>\n\n\n<p class=\"has-text-align-center\"><strong>Al evento que se realiz\u00f3 en Purple Reign asistieron medios de comunicaci\u00f3n, creadores<br>de contenido y algunos invitados especiales, entre ellos, la se\u00f1orita Antioquia Sof\u00eda<br>Ardila, quien est\u00e1 representando al departamento, en el reinado de la Ganader\u00eda 2024 y<br>que en la versi\u00f3n anterior de Premios \u00cdcono fue la presentadora oficial de la Alfombra<br>Roja<\/strong><\/p>\n\n\n\n<p>Hoy anunciamos con una alegr\u00eda inmensa, <strong>la gran acogida de la rueda de prensa de Premios \u00cdcono en sus 5 a\u00f1os<\/strong>, que se realiz\u00f3 el mi\u00e9rcoles 5 de junio, en Medell\u00edn, Colombia, en <strong>Purple Reign<\/strong>. Lugar en donde se dieron cita medios de comunicaci\u00f3n, invitados especiales, creadores de contenido y los organizadores del evento que en este 2024 van a celebrar su quinta edici\u00f3n, motivo por el cual deciden unir a <strong>Premios \u00cdcono e Influencer \u00cdcono<\/strong> en las mismas fechas: <strong>19 de junio, en el hotel Dann Carlton y 20 de junio, en City Hall El Rodeo.<\/strong><\/p>\n\n\n\n<p>Durante la rueda de prensa <strong>participaron m\u00e1s de 20 medios de Medell\u00edn y sus alrededores<\/strong>, donde conocieron m\u00e1s detalles de lo que va a ser este a\u00f1o <strong>Premios \u00cdcono<\/strong>, evento que busca hacer un homenaje en vida a los artistas y figuras p\u00fablicas que por su trayectoria han aportado a la industria musical y de entretenimiento. Asimismo, pudieron conocer m\u00e1s de <strong>la tercera edici\u00f3n de Influencer \u00cdcono<\/strong>, la convenci\u00f3n Latinoamericana de creadores de contenido que participan en diferentes categor\u00edas y los ganadores son escogidos por el mismo p\u00fablico, por medio de votaciones.<\/p>\n\n\n\n<p>A este momento especial, se uni\u00f3 tambi\u00e9n <strong>Sof\u00eda Ardila, se\u00f1orita Antioquia, quien est\u00e1 participando en el reinado de la Ganader\u00eda 2024<\/strong> y que en la edici\u00f3n pasada de <strong>Premios \u00cdcono<\/strong> fue la presentadora oficial de la Alfombra roja y en este a\u00f1o, va a ser presentadora de una de las categor\u00edas del evento.<\/p>\n\n\n\n<p>Su deseo de postularse como <strong>se\u00f1orita Antioquia<\/strong> nace desde muy ni\u00f1a, porque adem\u00e1s de ser uno de sus sue\u00f1os, siempre anhel\u00f3 representar a la mujer en su m\u00e1xima integridad, sus valores, su belleza exterior e interior y este departamento especialmente la ha acogido con todo el amor.<\/p>\n\n\n\n<p>\u201cMi experiencia en la Alfombra Roja de Premios \u00cdcono 2023, me llen\u00f3 de una seguridad incre\u00edble y abri\u00f3 una versi\u00f3n de m\u00ed, de la cual pude aprender bastante. Estoy muy agradecida con el apoyo que tengo de este gran evento, en esta nueva faceta como Se\u00f1orita Antioquia al Reinado Nacional de la Ganader\u00eda\u201d, son las palabras de Sof\u00eda Ardila, quien tiene toda la intenci\u00f3n de llevarse la corona junto a su equipo de trabajo.<\/p>\n\n\n\n<p>\u00a1Gracias Medell\u00edn, gracias Colombia! por hacer de <strong>Premios \u00cdcono e Influencer \u00cdcono<\/strong>, eventos de pa\u00eds para Latinoam\u00e9rica, <strong>los esperamos este 19 y 20 de junio<\/strong>, para que vibremos juntos con lo que m\u00e1s nos gusta: m\u00fasica, entretenimiento, conferencias de valor, rueda de negocios, creadores de contenido y mucho m\u00e1s.<\/p>\n\n\n\n<figure class=\"wp-block-gallery has-nested-images columns-default is-cropped wp-block-gallery-1 is-layout-flex wp-block-gallery-is-layout-flex\">\n<figure class=\"wp-block-image size-large\"><img decoding=\"async\" data-id=\"186\" src=\"https:\/\/www.lanovenaestacion.com\/wp-content\/uploads\/2024\/06\/premicon1-1.png\" alt=\"\" class=\"wp-image-186\"\/><\/figure>\n\n\n\n<figure class=\"wp-block-image size-large\"><img decoding=\"async\" data-id=\"185\" src=\"https:\/\/www.lanovenaestacion.com\/wp-content\/uploads\/2024\/06\/premicon2.jpg\" alt=\"\" class=\"wp-image-185\"\/><\/figure>\n<\/figure>\n\n\n\n<p class=\"has-text-align-center\"><strong><mark style=\"background-color:rgba(0, 0, 0, 0)\" class=\"has-inline-color has-black-color\">Informaci\u00f3n relevante para medios de comunicaci\u00f3n<\/mark><\/strong><\/p>\n\n\n\n<p><strong>Fecha Premios \u00cdcono e Influencer \u00cdcono:<\/strong><br><strong>Mi\u00e9rcoles 19 de junio<\/strong> &#8211; Conferencias hotel Dann Carlton<br><strong>Jueves 20 de junio<\/strong> &#8211; Alfombra Roja y Premiaci\u00f3n en City Hall El Rodeo.<br><strong>Hashtags del evento:<\/strong> #premiosiconoinfluencer<br><strong>Etiquetar en redes a:<\/strong> @premiosicono y @influencericono_<br><strong>Nominados Influencer \u00cdcono:<\/strong> para conocer las categor\u00edas y los nominados completos de<br><strong>Influencer \u00cdcono ingrese a este link:<\/strong> <a href=\"https:\/\/app.influexer.com\/es\/vote\/results\">https:\/\/app.influexer.com\/es\/vote\/results<\/a><br><strong>Premios \u00cdcono:<\/strong> algunos de los artistas que van a participar son Los Prisioneros, Fulanito, Luis<br>Alberto Posada, Alkilados, Willy Garc\u00eda, Soley, Fainal y Shako, Andre\u00edna Bravo, Dennis<br>Fernando, entre otros.<\/p>\n\n\n\n<p class=\"has-text-align-center\"><strong>Se\u00f1orita Antioquia Sof\u00eda Ardila: <\/strong>es una joven de 21 a\u00f1os, que naci\u00f3 en Bucaramanga. Estudia Ingenier\u00eda Industrial, en la Universidad Pontificia Bolivariana y es gran deportista del tenis. Tiene su propia marca de ropa llamada \u201cSof\u00eda Ardila Luxury Clothing\u201d y ama poder ayudar e inspirar a las personas para crear su mejor versi\u00f3n. Actualmente es Se\u00f1orita Antioquia y est\u00e1 representando a nuestro departamento, en el Reinado Nacional de la Ganader\u00eda 2024.<\/p>\n\n\n<div class=\"wp-block-image\">\n<figure class=\"aligncenter size-large\"><img decoding=\"async\" src=\"https:\/\/www.lanovenaestacion.com\/wp-content\/uploads\/2024\/06\/WhatsApp-Image-2024-06-11-at-4.57.33-PM-1-682x1024.jpeg\" alt=\"\" class=\"wp-image-188\"\/><\/figure>\n<\/div>","protected":false},"excerpt":{"rendered":"<p>\u00a1Gracias Medell\u00edn! Exitosa rueda de prensa previa a Premios \u00cdcono, en la celebraci\u00f3n desus 5 a\u00f1os Al evento que se realiz\u00f3 en Purple Reign asistieron medios de comunicaci\u00f3n, creadoresde contenido y algunos invitados especiales, entre ellos, la se\u00f1orita Antioquia Sof\u00edaArdila, quien est\u00e1 representando al departamento, en el reinado de la Ganader\u00eda 2024 yque en la [&hellip;]<\/p>\n","protected":false},"author":2,"featured_media":0,"comment_status":"open","ping_status":"open","sticky":true,"template":"","format":"standard","meta":{"footnotes":""},"categories":[3],"tags":[],"class_list":["post-182","post","type-post","status-publish","format-standard","hentry","category-noticias-dia-a-dia"],"_links":{"self":[{"href":"https:\/\/www.lanovenaestacion.com\/index.php\/wp-json\/wp\/v2\/posts\/182","targetHints":{"allow":["GET"]}}],"collection":[{"href":"https:\/\/www.lanovenaestacion.com\/index.php\/wp-json\/wp\/v2\/posts"}],"about":[{"href":"https:\/\/www.lanovenaestacion.com\/index.php\/wp-json\/wp\/v2\/types\/post"}],"author":[{"embeddable":true,"href":"https:\/\/www.lanovenaestacion.com\/index.php\/wp-json\/wp\/v2\/users\/2"}],"replies":[{"embeddable":true,"href":"https:\/\/www.lanovenaestacion.com\/index.php\/wp-json\/wp\/v2\/comments?post=182"}],"version-history":[{"count":3,"href":"https:\/\/www.lanovenaestacion.com\/index.php\/wp-json\/wp\/v2\/posts\/182\/revisions"}],"predecessor-version":[{"id":192,"href":"https:\/\/www.lanovenaestacion.com\/index.php\/wp-json\/wp\/v2\/posts\/182\/revisions\/192"}],"wp:attachment":[{"href":"https:\/\/www.lanovenaestacion.com\/index.php\/wp-json\/wp\/v2\/media?parent=182"}],"wp:term":[{"taxonomy":"category","embeddable":true,"href":"https:\/\/www.lanovenaestacion.com\/index.php\/wp-json\/wp\/v2\/categories?post=182"},{"taxonomy":"post_tag","embeddable":true,"href":"https:\/\/www.lanovenaestacion.com\/index.php\/wp-json\/wp\/v2\/tags?post=182"}],"curies":[{"name":"wp","href":"https:\/\/api.w.org\/{rel}","templated":true}]}}