{"id":471,"date":"2025-04-10T12:36:41","date_gmt":"2025-04-10T17:36:41","guid":{"rendered":"https:\/\/www.lanovenaestacion.com\/?p=471"},"modified":"2025-04-10T12:37:51","modified_gmt":"2025-04-10T17:37:51","slug":"telemedellin-gana-su-primer-india-catalina","status":"publish","type":"post","link":"https:\/\/www.lanovenaestacion.com\/index.php\/2025\/04\/10\/telemedellin-gana-su-primer-india-catalina\/","title":{"rendered":"TELEMEDELL\u00cdN GANA SU PRIMER INDIA CATALINA"},"content":{"rendered":"\n<p><strong><em>Por primera vez en su historia, Telemedell\u00edn es reconocido con un India Catalina<\/em><\/strong><em>, un hito que destaca el compromiso del canal con el periodismo valiente y las historias que impactan a Medell\u00edn y al pa\u00eds.<\/em><em><\/em><\/p>\n\n\n\n<p><strong><em>El premio reconoce la recuperaci\u00f3n del canal<\/em><\/strong><em>, que pas\u00f3 de perder credibilidad por hechos de corrupci\u00f3n a convertirse en un medio confiable, con estabilidad financiera y profundo compromiso social.<\/em><\/p>\n\n\n\n<p><strong><em>Este logro fue posible gracias al trabajo colectivo<\/em><\/strong><em> y representa un mensaje claro: s\u00ed se puede hacer periodismo local con rigor, verdad y coraz\u00f3n.<\/em><\/p>\n\n\n\n<figure class=\"wp-block-image size-large\"><img loading=\"lazy\" decoding=\"async\" width=\"1024\" height=\"682\" src=\"https:\/\/www.lanovenaestacion.com\/wp-content\/uploads\/2025\/04\/India-Catalina-1024x682.jpg\" alt=\"\" class=\"wp-image-472\" srcset=\"https:\/\/www.lanovenaestacion.com\/wp-content\/uploads\/2025\/04\/India-Catalina-1024x682.jpg 1024w, https:\/\/www.lanovenaestacion.com\/wp-content\/uploads\/2025\/04\/India-Catalina-300x200.jpg 300w, https:\/\/www.lanovenaestacion.com\/wp-content\/uploads\/2025\/04\/India-Catalina-768x511.jpg 768w, https:\/\/www.lanovenaestacion.com\/wp-content\/uploads\/2025\/04\/India-Catalina.jpg 1080w\" sizes=\"auto, (max-width: 1024px) 100vw, 1024px\" \/><\/figure>\n\n\n\n<p>En Telemedell\u00edn estamos viviendo un momento hist\u00f3rico: ganamos nuestro primer Premio India Catalina en 27 a\u00f1os de historia del canal. Y lo hicimos en una de las categor\u00edas m\u00e1s exigentes: <strong>Mejor Producci\u00f3n Period\u00edstica<\/strong>.<\/p>\n\n\n\n<p><em>\u201cEste reconocimiento llega en medio de un proceso de recuperaci\u00f3n y reconstrucci\u00f3n, en el que un canal que hab\u00eda perdido credibilidad por hechos de corrupci\u00f3n, hoy se levanta con fuerza como s\u00edmbolo de confianza, compromiso y periodismo al servicio de la verdad.<\/em><\/p>\n\n\n\n<p><em>Tambi\u00e9n es la prueba de que hemos logrado recuperar a Telemedell\u00edn, devolvi\u00e9ndole su esencia, su credibilidad, su estabilidad financiera y, sobre todo, su conexi\u00f3n con la gente<\/em>\u201d, cont\u00f3 Vanessa Palacio, gerente de Telemedell\u00edn.<\/p>\n\n\n\n<p>La producci\u00f3n premiada fue el especial <strong>\u201cExplotaci\u00f3n sexual infantil: una verdad a medias\u201d<\/strong>, una investigaci\u00f3n period\u00edstica que dio voz a las v\u00edctimas, visibiliz\u00f3 el trabajo de las autoridades y expuso una de las realidades m\u00e1s duras que golpean a Medell\u00edn y al pa\u00eds: la lucha contra la explotaci\u00f3n sexual de ni\u00f1os, ni\u00f1as y adolescentes.<\/p>\n\n\n\n<figure class=\"wp-block-image size-large\"><img loading=\"lazy\" decoding=\"async\" width=\"768\" height=\"1024\" src=\"https:\/\/www.lanovenaestacion.com\/wp-content\/uploads\/2025\/04\/Galardon-768x1024.jpg\" alt=\"\" class=\"wp-image-473\" srcset=\"https:\/\/www.lanovenaestacion.com\/wp-content\/uploads\/2025\/04\/Galardon-768x1024.jpg 768w, https:\/\/www.lanovenaestacion.com\/wp-content\/uploads\/2025\/04\/Galardon-225x300.jpg 225w, https:\/\/www.lanovenaestacion.com\/wp-content\/uploads\/2025\/04\/Galardon.jpg 960w\" sizes=\"auto, (max-width: 768px) 100vw, 768px\" \/><\/figure>\n\n\n\n<p>El especial abord\u00f3 esta problem\u00e1tica desde distintas miradas: el dolor y la valent\u00eda de las v\u00edctimas, la acci\u00f3n conjunta de la administraci\u00f3n distrital y la Polic\u00eda, y la necesidad urgente de seguir hablando de lo que muchos prefieren callar.<\/p>\n\n\n\n<p>\u201c<em>Este premio es un reconocimiento al trabajo colectivo del Sistema Informativo de Telemedell\u00edn. M\u00e1s de diez personas, entre periodistas, camar\u00f3grafos, editores y creativos, aportaron su talento para hacer posible esta investigaci\u00f3n liderada por Juan Guillermo San Mart\u00edn. Es un logro que refleja el compromiso y la calidad de nuestro equipo\u201d, <\/em>expres\u00f3 Andr\u00e9s Nore\u00f1a, director del Sistema Informativo de Telemedell\u00edn.<\/p>\n\n\n\n<p>Este premio es tambi\u00e9n un mensaje claro: <strong>s\u00ed se puede hacer buen periodismo local<\/strong>, con profundidad, rigor y responsabilidad social. Es un reconocimiento al trabajo valiente de un equipo que no se rinde y que cree en el poder de contar las historias que merecen ser escuchadas.<\/p>\n\n\n\n<p>En la categor\u00eda participaron grandes producciones como <strong>\u201cLos informantes\u201d<\/strong> de Caracol Televisi\u00f3n, <strong>\u201cLa Puya\u201d<\/strong> de El Espectador, <strong>\u201cMi reino por este mundo\u201d<\/strong> de Gildardo Arango (Telepac\u00edfico) y <strong>\u201cSonido para la construcci\u00f3n de paz\u201d<\/strong> del Ministerio de Cultura y Canal Institucional. Haber ganado entre ellas nos llena de orgullo y nos motiva a seguir por este camino.<\/p>\n\n\n\n<p>Este especial period\u00edstico, que hoy es reconocido en toda Colombia, fue posible gracias al compromiso y al talento de todo un equipo del canal. En la producci\u00f3n participaron m\u00e1s de 10 personas: camar\u00f3grafos, asistentes de producci\u00f3n, operador de dron, editor, dise\u00f1adores gr\u00e1ficos, realizadores y profesionales del equipo digital. Cada aporte, desde lo t\u00e9cnico hasta lo narrativo, fue fundamental para que este trabajo saliera adelante. <strong>Este logro es de todo el Canal Telemedell\u00edn.<\/strong><\/p>\n\n\n\n<p>A nuestros televidentes, gracias por estar ah\u00ed, por acompa\u00f1arnos, por creer en lo que hacemos. Este logro tambi\u00e9n es suyo. Seguiremos trabajando para contar las historias que nos mueven, que nos duelen y que nos inspiran como ciudad.<\/p>\n\n\n\n<figure class=\"wp-block-embed is-type-video is-provider-youtube wp-block-embed-youtube wp-embed-aspect-16-9 wp-has-aspect-ratio\"><div class=\"wp-block-embed__wrapper\">\n<iframe loading=\"lazy\" title=\"Telemedell\u00edn gana su primer India Catalina\" width=\"640\" height=\"360\" src=\"https:\/\/www.youtube.com\/embed\/O3jV31zi_rE?feature=oembed\" frameborder=\"0\" allow=\"accelerometer; autoplay; clipboard-write; encrypted-media; gyroscope; picture-in-picture; web-share\" referrerpolicy=\"strict-origin-when-cross-origin\" allowfullscreen><\/iframe>\n<\/div><\/figure>\n","protected":false},"excerpt":{"rendered":"<p>Por primera vez en su historia, Telemedell\u00edn es reconocido con un India Catalina, un hito que destaca el compromiso del canal con el periodismo valiente y las historias que impactan a Medell\u00edn y al pa\u00eds. El premio reconoce la recuperaci\u00f3n del canal, que pas\u00f3 de perder credibilidad por hechos de corrupci\u00f3n a convertirse en un [&hellip;]<\/p>\n","protected":false},"author":2,"featured_media":475,"comment_status":"open","ping_status":"open","sticky":false,"template":"","format":"standard","meta":{"footnotes":""},"categories":[3,1],"tags":[],"class_list":["post-471","post","type-post","status-publish","format-standard","has-post-thumbnail","hentry","category-noticias-dia-a-dia","category-uncategorized"],"_links":{"self":[{"href":"https:\/\/www.lanovenaestacion.com\/index.php\/wp-json\/wp\/v2\/posts\/471","targetHints":{"allow":["GET"]}}],"collection":[{"href":"https:\/\/www.lanovenaestacion.com\/index.php\/wp-json\/wp\/v2\/posts"}],"about":[{"href":"https:\/\/www.lanovenaestacion.com\/index.php\/wp-json\/wp\/v2\/types\/post"}],"author":[{"embeddable":true,"href":"https:\/\/www.lanovenaestacion.com\/index.php\/wp-json\/wp\/v2\/users\/2"}],"replies":[{"embeddable":true,"href":"https:\/\/www.lanovenaestacion.com\/index.php\/wp-json\/wp\/v2\/comments?post=471"}],"version-history":[{"count":1,"href":"https:\/\/www.lanovenaestacion.com\/index.php\/wp-json\/wp\/v2\/posts\/471\/revisions"}],"predecessor-version":[{"id":474,"href":"https:\/\/www.lanovenaestacion.com\/index.php\/wp-json\/wp\/v2\/posts\/471\/revisions\/474"}],"wp:featuredmedia":[{"embeddable":true,"href":"https:\/\/www.lanovenaestacion.com\/index.php\/wp-json\/wp\/v2\/media\/475"}],"wp:attachment":[{"href":"https:\/\/www.lanovenaestacion.com\/index.php\/wp-json\/wp\/v2\/media?parent=471"}],"wp:term":[{"taxonomy":"category","embeddable":true,"href":"https:\/\/www.lanovenaestacion.com\/index.php\/wp-json\/wp\/v2\/categories?post=471"},{"taxonomy":"post_tag","embeddable":true,"href":"https:\/\/www.lanovenaestacion.com\/index.php\/wp-json\/wp\/v2\/tags?post=471"}],"curies":[{"name":"wp","href":"https:\/\/api.w.org\/{rel}","templated":true}]}}