{"id":480,"date":"2025-04-10T16:08:57","date_gmt":"2025-04-10T21:08:57","guid":{"rendered":"https:\/\/www.lanovenaestacion.com\/?p=480"},"modified":"2025-04-10T16:12:54","modified_gmt":"2025-04-10T21:12:54","slug":"iberseries-platino-industria-y-el-festival-internacional-de-cine-de-cartagena-de-indias-unen-fuerzas-a-ambos-lados-del-atlantico","status":"publish","type":"post","link":"https:\/\/www.lanovenaestacion.com\/index.php\/2025\/04\/10\/iberseries-platino-industria-y-el-festival-internacional-de-cine-de-cartagena-de-indias-unen-fuerzas-a-ambos-lados-del-atlantico\/","title":{"rendered":"IBERSERIES &amp; PLATINO INDUSTRIA Y EL FESTIVAL INTERNACIONAL DE CINE DE CARTAGENA DE INDIAS UNEN FUERZAS A AMBOS LADOS DEL ATL\u00c1NTICO"},"content":{"rendered":"\n<p>La Asociaci\u00f3n Iberseries &amp; Platino Industria y el FICCI firman un acuerdo de colaboraci\u00f3n con el fin de impulsar las coproducciones internacionales y establecer nexos de inversi\u00f3n y negocio entre Europa y Latinoam\u00e9rica.<\/p>\n\n\n\n<p>Pronto se realizar\u00e1 la presentaci\u00f3n oficial del proyecto.<\/p>\n\n\n\n<p><strong>Madrid, 7 de abril de 2025<\/strong> &#8211; La Asociaci\u00f3n Iberseries &amp; Platino Industria, en el marco de sus acciones de promoci\u00f3n internacional, ha suscrito un acuerdo de colaboraci\u00f3n con el Festival Internacional de Cine de Cartagena de Indias (FICCI), que ha celebrado su 64\u00aa edici\u00f3n del 1 al 6 de abril.<\/p>\n\n\n\n<p>Uno de los objetivos de Iberseries &amp; Platino Industria es fomentar alianzas con los eventos m\u00e1s destacados de la industria audiovisual a nivel global, estableciendo sinergias con creadores, productores y talento iberoamericano y europeo para promover las coproducciones internacionales y fortalecer los v\u00ednculos de inversi\u00f3n y negocio en ambos continentes.<\/p>\n\n\n\n<figure class=\"wp-block-image size-large\"><img loading=\"lazy\" decoding=\"async\" width=\"1024\" height=\"683\" src=\"https:\/\/www.lanovenaestacion.com\/wp-content\/uploads\/2025\/04\/WhatsApp-Image-2025-04-06-at-11.23.18-AM-1-1024x683.jpeg\" alt=\"\" class=\"wp-image-481\" srcset=\"https:\/\/www.lanovenaestacion.com\/wp-content\/uploads\/2025\/04\/WhatsApp-Image-2025-04-06-at-11.23.18-AM-1-1024x683.jpeg 1024w, https:\/\/www.lanovenaestacion.com\/wp-content\/uploads\/2025\/04\/WhatsApp-Image-2025-04-06-at-11.23.18-AM-1-300x200.jpeg 300w, https:\/\/www.lanovenaestacion.com\/wp-content\/uploads\/2025\/04\/WhatsApp-Image-2025-04-06-at-11.23.18-AM-1-768x512.jpeg 768w, https:\/\/www.lanovenaestacion.com\/wp-content\/uploads\/2025\/04\/WhatsApp-Image-2025-04-06-at-11.23.18-AM-1-1536x1024.jpeg 1536w, https:\/\/www.lanovenaestacion.com\/wp-content\/uploads\/2025\/04\/WhatsApp-Image-2025-04-06-at-11.23.18-AM-1-2048x1365.jpeg 2048w\" sizes=\"auto, (max-width: 1024px) 100vw, 1024px\" \/><\/figure>\n\n\n\n<figure class=\"wp-block-image size-large\"><img loading=\"lazy\" decoding=\"async\" width=\"1024\" height=\"683\" src=\"https:\/\/www.lanovenaestacion.com\/wp-content\/uploads\/2025\/04\/WhatsApp-Image-2025-04-06-at-11.23.18-AM-1024x683.jpeg\" alt=\"\" class=\"wp-image-482\" srcset=\"https:\/\/www.lanovenaestacion.com\/wp-content\/uploads\/2025\/04\/WhatsApp-Image-2025-04-06-at-11.23.18-AM-1024x683.jpeg 1024w, https:\/\/www.lanovenaestacion.com\/wp-content\/uploads\/2025\/04\/WhatsApp-Image-2025-04-06-at-11.23.18-AM-300x200.jpeg 300w, https:\/\/www.lanovenaestacion.com\/wp-content\/uploads\/2025\/04\/WhatsApp-Image-2025-04-06-at-11.23.18-AM-768x512.jpeg 768w, https:\/\/www.lanovenaestacion.com\/wp-content\/uploads\/2025\/04\/WhatsApp-Image-2025-04-06-at-11.23.18-AM-1536x1024.jpeg 1536w, https:\/\/www.lanovenaestacion.com\/wp-content\/uploads\/2025\/04\/WhatsApp-Image-2025-04-06-at-11.23.18-AM-2048x1365.jpeg 2048w\" sizes=\"auto, (max-width: 1024px) 100vw, 1024px\" \/><\/figure>\n\n\n\n<p>Creado en 1960, el FICCI es el festival cinematogr\u00e1fico m\u00e1s antiguo de Latinoam\u00e9rica. Desde su fundaci\u00f3n, ha acogido y celebrado el riesgo y la renovaci\u00f3n de miradas en la cinematograf\u00eda de Iberoam\u00e9rica y el mundo, con una atenci\u00f3n especial al desarrollo del cine colombiano y su divulgaci\u00f3n internacional. Asimismo, el Festival propicia escenarios de encuentro entre los profesionales del sector y las audiencias, que comparten cada a\u00f1o una fiesta art\u00edstica y cultural.<\/p>\n\n\n\n<p>Iberseries &amp; Platino Industria y el Festival Internacional de Cine de Cartagena de Indias realizar\u00e1n actividades conjuntas de networking, con participaci\u00f3n en el programa de conferencias de ambas citas. Asimismo, a trav\u00e9s de este acuerdo,&nbsp; un proyecto presentado en la secci\u00f3n de Industria FICCI ha sido seleccionado para formar parte del Foro de Coproducci\u00f3n y Financiaci\u00f3n de la quinta edici\u00f3n de Iberseries &amp; Platino Industria.<\/p>\n\n\n\n<p>La presentaci\u00f3n oficial del proyecto se llevar\u00e1 a cabo pr\u00f3ximamente, en el marco de esta alianza estrat\u00e9gica, reafirmando el compromiso de ambas entidades con el impulso a la coproducci\u00f3n internacional y la promoci\u00f3n del talento audiovisual iberoamericano.<\/p>\n\n\n\n<p>El Foro de Coproducci\u00f3n y Financiaci\u00f3n de Iberseries &amp; Platino Industria facilitar\u00e1 un a\u00f1o m\u00e1s la conexi\u00f3n con socios de cofinanciaci\u00f3n, difusi\u00f3n y distribuci\u00f3n internacional, con singular foco en proyectos que sirvan para estrechar lazos entre Europa y Am\u00e9rica Latina.<\/p>\n\n\n\n<p>Los responsables de los proyectos tendr\u00e1n la oportunidad de mantener contacto con productores, creativos, financieros y agentes de venta, entre los profesionales acreditados. La organizaci\u00f3n del Foro elaborar\u00e1 una agenda personalizada de citas one to one con aquellos interesados en los proyectos seleccionados.<\/p>\n\n\n\n<p>Iberseries &amp; Platino Industria celebrar\u00e1 su quinta edici\u00f3n del 30 de septiembre al 3 de octubre de 2025, de nuevo en el centro cultural Matadero Madrid, organizada por EGEDA y Fundaci\u00f3n Secuoya, en colaboraci\u00f3n con FIPCA, con el apoyo de Comunidad de Madrid, Ayuntamiento de Madrid e ICEX Espa\u00f1a Exportaci\u00f3n e Inversiones, y el patrocinio de Madrid Film Office y Film Madrid.<\/p>\n\n\n\n<figure class=\"wp-block-image size-large\"><img loading=\"lazy\" decoding=\"async\" width=\"683\" height=\"1024\" src=\"https:\/\/www.lanovenaestacion.com\/wp-content\/uploads\/2025\/04\/WhatsApp-Image-2025-04-06-at-11.23.19-AM-683x1024.jpeg\" alt=\"\" class=\"wp-image-483\" srcset=\"https:\/\/www.lanovenaestacion.com\/wp-content\/uploads\/2025\/04\/WhatsApp-Image-2025-04-06-at-11.23.19-AM-683x1024.jpeg 683w, https:\/\/www.lanovenaestacion.com\/wp-content\/uploads\/2025\/04\/WhatsApp-Image-2025-04-06-at-11.23.19-AM-200x300.jpeg 200w, https:\/\/www.lanovenaestacion.com\/wp-content\/uploads\/2025\/04\/WhatsApp-Image-2025-04-06-at-11.23.19-AM-768x1152.jpeg 768w, https:\/\/www.lanovenaestacion.com\/wp-content\/uploads\/2025\/04\/WhatsApp-Image-2025-04-06-at-11.23.19-AM-1024x1536.jpeg 1024w, https:\/\/www.lanovenaestacion.com\/wp-content\/uploads\/2025\/04\/WhatsApp-Image-2025-04-06-at-11.23.19-AM-1365x2048.jpeg 1365w, https:\/\/www.lanovenaestacion.com\/wp-content\/uploads\/2025\/04\/WhatsApp-Image-2025-04-06-at-11.23.19-AM-scaled.jpeg 1706w\" sizes=\"auto, (max-width: 683px) 100vw, 683px\" \/><\/figure>\n\n\n\n<figure class=\"wp-block-image size-large\"><img loading=\"lazy\" decoding=\"async\" width=\"1024\" height=\"683\" src=\"https:\/\/www.lanovenaestacion.com\/wp-content\/uploads\/2025\/04\/WhatsApp-Image-2025-04-06-at-11.23.20-AM-1024x683.jpeg\" alt=\"\" class=\"wp-image-484\" srcset=\"https:\/\/www.lanovenaestacion.com\/wp-content\/uploads\/2025\/04\/WhatsApp-Image-2025-04-06-at-11.23.20-AM-1024x683.jpeg 1024w, https:\/\/www.lanovenaestacion.com\/wp-content\/uploads\/2025\/04\/WhatsApp-Image-2025-04-06-at-11.23.20-AM-300x200.jpeg 300w, https:\/\/www.lanovenaestacion.com\/wp-content\/uploads\/2025\/04\/WhatsApp-Image-2025-04-06-at-11.23.20-AM-768x512.jpeg 768w, https:\/\/www.lanovenaestacion.com\/wp-content\/uploads\/2025\/04\/WhatsApp-Image-2025-04-06-at-11.23.20-AM-1536x1024.jpeg 1536w, https:\/\/www.lanovenaestacion.com\/wp-content\/uploads\/2025\/04\/WhatsApp-Image-2025-04-06-at-11.23.20-AM-2048x1365.jpeg 2048w\" sizes=\"auto, (max-width: 1024px) 100vw, 1024px\" \/><\/figure>\n","protected":false},"excerpt":{"rendered":"<p>La Asociaci\u00f3n Iberseries &amp; Platino Industria y el FICCI firman un acuerdo de colaboraci\u00f3n con el fin de impulsar las coproducciones internacionales y establecer nexos de inversi\u00f3n y negocio entre Europa y Latinoam\u00e9rica. Pronto se realizar\u00e1 la presentaci\u00f3n oficial del proyecto. Madrid, 7 de abril de 2025 &#8211; La Asociaci\u00f3n Iberseries &amp; Platino Industria, en [&hellip;]<\/p>\n","protected":false},"author":2,"featured_media":485,"comment_status":"open","ping_status":"open","sticky":false,"template":"","format":"standard","meta":{"footnotes":""},"categories":[3,1],"tags":[],"class_list":["post-480","post","type-post","status-publish","format-standard","has-post-thumbnail","hentry","category-noticias-dia-a-dia","category-uncategorized"],"_links":{"self":[{"href":"https:\/\/www.lanovenaestacion.com\/index.php\/wp-json\/wp\/v2\/posts\/480","targetHints":{"allow":["GET"]}}],"collection":[{"href":"https:\/\/www.lanovenaestacion.com\/index.php\/wp-json\/wp\/v2\/posts"}],"about":[{"href":"https:\/\/www.lanovenaestacion.com\/index.php\/wp-json\/wp\/v2\/types\/post"}],"author":[{"embeddable":true,"href":"https:\/\/www.lanovenaestacion.com\/index.php\/wp-json\/wp\/v2\/users\/2"}],"replies":[{"embeddable":true,"href":"https:\/\/www.lanovenaestacion.com\/index.php\/wp-json\/wp\/v2\/comments?post=480"}],"version-history":[{"count":1,"href":"https:\/\/www.lanovenaestacion.com\/index.php\/wp-json\/wp\/v2\/posts\/480\/revisions"}],"predecessor-version":[{"id":486,"href":"https:\/\/www.lanovenaestacion.com\/index.php\/wp-json\/wp\/v2\/posts\/480\/revisions\/486"}],"wp:featuredmedia":[{"embeddable":true,"href":"https:\/\/www.lanovenaestacion.com\/index.php\/wp-json\/wp\/v2\/media\/485"}],"wp:attachment":[{"href":"https:\/\/www.lanovenaestacion.com\/index.php\/wp-json\/wp\/v2\/media?parent=480"}],"wp:term":[{"taxonomy":"category","embeddable":true,"href":"https:\/\/www.lanovenaestacion.com\/index.php\/wp-json\/wp\/v2\/categories?post=480"},{"taxonomy":"post_tag","embeddable":true,"href":"https:\/\/www.lanovenaestacion.com\/index.php\/wp-json\/wp\/v2\/tags?post=480"}],"curies":[{"name":"wp","href":"https:\/\/api.w.org\/{rel}","templated":true}]}}