{"id":675,"date":"2025-04-25T19:06:08","date_gmt":"2025-04-26T00:06:08","guid":{"rendered":"https:\/\/www.lanovenaestacion.com\/?p=675"},"modified":"2025-04-25T19:06:10","modified_gmt":"2025-04-26T00:06:10","slug":"mirian-ortez-belleza-con-proposito-y-talento-sin-fronteras","status":"publish","type":"post","link":"https:\/\/www.lanovenaestacion.com\/index.php\/2025\/04\/25\/mirian-ortez-belleza-con-proposito-y-talento-sin-fronteras\/","title":{"rendered":"Mirian Ortez: Belleza con Prop\u00f3sito y Talento sin Fronteras"},"content":{"rendered":"\n<p>Originaria de Ocotillo, Moraz\u00e1n, El Salvador, Mirian Ortez ha construido una inspiradora carrera que combina el arte, la educaci\u00f3n y el empoderamiento femenino. Su historia en el mundo del modelaje comenz\u00f3 a los 15 a\u00f1os, cuando fue coronada Reina de las Fiestas Patrias en su pa\u00eds natal, marcando el inicio de un camino lleno de logros y dedicaci\u00f3n.<\/p>\n\n\n\n<figure class=\"wp-block-gallery has-nested-images columns-default is-cropped wp-block-gallery-1 is-layout-flex wp-block-gallery-is-layout-flex\">\n<figure class=\"wp-block-image size-large\"><img loading=\"lazy\" decoding=\"async\" width=\"814\" height=\"1024\" data-id=\"677\" src=\"https:\/\/www.lanovenaestacion.com\/wp-content\/uploads\/2025\/04\/WhatsApp-Image-2025-04-23-at-9.21.41-AM-2-814x1024.jpeg\" alt=\"\" class=\"wp-image-677\" srcset=\"https:\/\/www.lanovenaestacion.com\/wp-content\/uploads\/2025\/04\/WhatsApp-Image-2025-04-23-at-9.21.41-AM-2-814x1024.jpeg 814w, https:\/\/www.lanovenaestacion.com\/wp-content\/uploads\/2025\/04\/WhatsApp-Image-2025-04-23-at-9.21.41-AM-2-239x300.jpeg 239w, https:\/\/www.lanovenaestacion.com\/wp-content\/uploads\/2025\/04\/WhatsApp-Image-2025-04-23-at-9.21.41-AM-2-768x966.jpeg 768w, https:\/\/www.lanovenaestacion.com\/wp-content\/uploads\/2025\/04\/WhatsApp-Image-2025-04-23-at-9.21.41-AM-2-1221x1536.jpeg 1221w, https:\/\/www.lanovenaestacion.com\/wp-content\/uploads\/2025\/04\/WhatsApp-Image-2025-04-23-at-9.21.41-AM-2.jpeg 1272w\" sizes=\"auto, (max-width: 814px) 100vw, 814px\" \/><\/figure>\n\n\n\n<figure class=\"wp-block-image size-large\"><img loading=\"lazy\" decoding=\"async\" width=\"782\" height=\"1024\" data-id=\"676\" src=\"https:\/\/www.lanovenaestacion.com\/wp-content\/uploads\/2025\/04\/WhatsApp-Image-2025-04-23-at-9.21.41-AM-782x1024.jpeg\" alt=\"\" class=\"wp-image-676\" srcset=\"https:\/\/www.lanovenaestacion.com\/wp-content\/uploads\/2025\/04\/WhatsApp-Image-2025-04-23-at-9.21.41-AM-782x1024.jpeg 782w, https:\/\/www.lanovenaestacion.com\/wp-content\/uploads\/2025\/04\/WhatsApp-Image-2025-04-23-at-9.21.41-AM-229x300.jpeg 229w, https:\/\/www.lanovenaestacion.com\/wp-content\/uploads\/2025\/04\/WhatsApp-Image-2025-04-23-at-9.21.41-AM-768x1006.jpeg 768w, https:\/\/www.lanovenaestacion.com\/wp-content\/uploads\/2025\/04\/WhatsApp-Image-2025-04-23-at-9.21.41-AM.jpeg 1122w\" sizes=\"auto, (max-width: 782px) 100vw, 782px\" \/><\/figure>\n<\/figure>\n\n\n\n<p>Comprometida con su formaci\u00f3n acad\u00e9mica, obtuvo el t\u00edtulo de Maestra en Orientaci\u00f3n Docente, una muestra clara de su vocaci\u00f3n por el desarrollo personal y la educaci\u00f3n. Actualmente reside en Houston, Texas, donde contin\u00faa destac\u00e1ndose en aquello que m\u00e1s la apasiona: el modelaje, los cert\u00e1menes de belleza y la actuaci\u00f3n.<\/p>\n\n\n\n<p>A lo largo de los a\u00f1os, ha sido coronada en m\u00faltiples competencias, conquistando el coraz\u00f3n del p\u00fablico y los jueces en cuatro categor\u00edas distintas:<\/p>\n\n\n\n<p>Reina Se\u00f1ora Inolvidable Houston 2021<\/p>\n\n\n\n<p>Reina Recinto 5-1 y Fiestas Patrias 2022<\/p>\n\n\n\n<p>Reina Se\u00f1ora Imagen Sky Limit 2023<\/p>\n\n\n\n<p>Reina Morinfilm\u2019s y Fiestas Patrias 2024<\/p>\n\n\n\n<p>Adem\u00e1s, ha participado como actriz en m\u00e1s de 30 producciones cinematogr\u00e1ficas, compartiendo escena con reconocidos talentos tanto locales como internacionales, consolid\u00e1ndose como una figura vers\u00e1til en la industria del entretenimiento latino.<\/p>\n\n\n\n<p>Mirian Ortez representa con orgullo la fuerza, belleza y talento de la mujer salvadore\u00f1a, dejando huella en cada escenario que pisa.<\/p>\n\n\n\n<figure class=\"wp-block-gallery has-nested-images columns-default is-cropped wp-block-gallery-2 is-layout-flex wp-block-gallery-is-layout-flex\">\n<figure class=\"wp-block-image size-large\"><img loading=\"lazy\" decoding=\"async\" width=\"969\" height=\"1024\" data-id=\"678\" src=\"https:\/\/www.lanovenaestacion.com\/wp-content\/uploads\/2025\/04\/WhatsApp-Image-2025-04-23-at-9.21.41-AM-1-969x1024.jpeg\" alt=\"\" class=\"wp-image-678\" srcset=\"https:\/\/www.lanovenaestacion.com\/wp-content\/uploads\/2025\/04\/WhatsApp-Image-2025-04-23-at-9.21.41-AM-1-969x1024.jpeg 969w, https:\/\/www.lanovenaestacion.com\/wp-content\/uploads\/2025\/04\/WhatsApp-Image-2025-04-23-at-9.21.41-AM-1-284x300.jpeg 284w, https:\/\/www.lanovenaestacion.com\/wp-content\/uploads\/2025\/04\/WhatsApp-Image-2025-04-23-at-9.21.41-AM-1-768x811.jpeg 768w, https:\/\/www.lanovenaestacion.com\/wp-content\/uploads\/2025\/04\/WhatsApp-Image-2025-04-23-at-9.21.41-AM-1.jpeg 1224w\" sizes=\"auto, (max-width: 969px) 100vw, 969px\" \/><\/figure>\n\n\n\n<figure class=\"wp-block-image size-large\"><img loading=\"lazy\" decoding=\"async\" width=\"577\" height=\"1024\" data-id=\"679\" src=\"https:\/\/www.lanovenaestacion.com\/wp-content\/uploads\/2025\/04\/WhatsApp-Image-2025-04-23-at-9.21.41-AM-3-577x1024.jpeg\" alt=\"\" class=\"wp-image-679\" srcset=\"https:\/\/www.lanovenaestacion.com\/wp-content\/uploads\/2025\/04\/WhatsApp-Image-2025-04-23-at-9.21.41-AM-3-577x1024.jpeg 577w, https:\/\/www.lanovenaestacion.com\/wp-content\/uploads\/2025\/04\/WhatsApp-Image-2025-04-23-at-9.21.41-AM-3-169x300.jpeg 169w, https:\/\/www.lanovenaestacion.com\/wp-content\/uploads\/2025\/04\/WhatsApp-Image-2025-04-23-at-9.21.41-AM-3-768x1364.jpeg 768w, https:\/\/www.lanovenaestacion.com\/wp-content\/uploads\/2025\/04\/WhatsApp-Image-2025-04-23-at-9.21.41-AM-3-865x1536.jpeg 865w, https:\/\/www.lanovenaestacion.com\/wp-content\/uploads\/2025\/04\/WhatsApp-Image-2025-04-23-at-9.21.41-AM-3.jpeg 901w\" sizes=\"auto, (max-width: 577px) 100vw, 577px\" \/><\/figure>\n<\/figure>\n\n\n\n<p><\/p>\n","protected":false},"excerpt":{"rendered":"<p>Originaria de Ocotillo, Moraz\u00e1n, El Salvador, Mirian Ortez ha construido una inspiradora carrera que combina el arte, la educaci\u00f3n y el empoderamiento femenino. Su historia en el mundo del modelaje comenz\u00f3 a los 15 a\u00f1os, cuando fue coronada Reina de las Fiestas Patrias en su pa\u00eds natal, marcando el inicio de un camino lleno de [&hellip;]<\/p>\n","protected":false},"author":2,"featured_media":679,"comment_status":"open","ping_status":"open","sticky":false,"template":"","format":"standard","meta":{"footnotes":""},"categories":[3,1],"tags":[],"class_list":["post-675","post","type-post","status-publish","format-standard","has-post-thumbnail","hentry","category-noticias-dia-a-dia","category-uncategorized"],"_links":{"self":[{"href":"https:\/\/www.lanovenaestacion.com\/index.php\/wp-json\/wp\/v2\/posts\/675","targetHints":{"allow":["GET"]}}],"collection":[{"href":"https:\/\/www.lanovenaestacion.com\/index.php\/wp-json\/wp\/v2\/posts"}],"about":[{"href":"https:\/\/www.lanovenaestacion.com\/index.php\/wp-json\/wp\/v2\/types\/post"}],"author":[{"embeddable":true,"href":"https:\/\/www.lanovenaestacion.com\/index.php\/wp-json\/wp\/v2\/users\/2"}],"replies":[{"embeddable":true,"href":"https:\/\/www.lanovenaestacion.com\/index.php\/wp-json\/wp\/v2\/comments?post=675"}],"version-history":[{"count":1,"href":"https:\/\/www.lanovenaestacion.com\/index.php\/wp-json\/wp\/v2\/posts\/675\/revisions"}],"predecessor-version":[{"id":680,"href":"https:\/\/www.lanovenaestacion.com\/index.php\/wp-json\/wp\/v2\/posts\/675\/revisions\/680"}],"wp:featuredmedia":[{"embeddable":true,"href":"https:\/\/www.lanovenaestacion.com\/index.php\/wp-json\/wp\/v2\/media\/679"}],"wp:attachment":[{"href":"https:\/\/www.lanovenaestacion.com\/index.php\/wp-json\/wp\/v2\/media?parent=675"}],"wp:term":[{"taxonomy":"category","embeddable":true,"href":"https:\/\/www.lanovenaestacion.com\/index.php\/wp-json\/wp\/v2\/categories?post=675"},{"taxonomy":"post_tag","embeddable":true,"href":"https:\/\/www.lanovenaestacion.com\/index.php\/wp-json\/wp\/v2\/tags?post=675"}],"curies":[{"name":"wp","href":"https:\/\/api.w.org\/{rel}","templated":true}]}}