{"id":681,"date":"2025-04-25T19:10:50","date_gmt":"2025-04-26T00:10:50","guid":{"rendered":"https:\/\/www.lanovenaestacion.com\/?p=681"},"modified":"2025-04-25T19:10:51","modified_gmt":"2025-04-26T00:10:51","slug":"julio-cesar-canas-una-decada-de-vision-y-liderazgo-en-el-entretenimiento-latino","status":"publish","type":"post","link":"https:\/\/www.lanovenaestacion.com\/index.php\/2025\/04\/25\/julio-cesar-canas-una-decada-de-vision-y-liderazgo-en-el-entretenimiento-latino\/","title":{"rendered":"Julio C\u00e9sar Ca\u00f1as: Una D\u00e9cada de Visi\u00f3n y Liderazgo en el Entretenimiento Latino"},"content":{"rendered":"\n<p>Julio C\u00e9sar Ca\u00f1as Rodr\u00edguez naci\u00f3 el 31 de agosto de 1993 en El Vig\u00eda, estado M\u00e9rida, Venezuela. Hijo de padres colombianos, ha construido una carrera s\u00f3lida en el medio art\u00edstico a lo largo de una d\u00e9cada, consolid\u00e1ndose como una figura clave en diversas \u00e1reas del entretenimiento en Am\u00e9rica Latina y Estados Unidos.<\/p>\n\n\n\n<figure class=\"wp-block-gallery has-nested-images columns-default is-cropped wp-block-gallery-1 is-layout-flex wp-block-gallery-is-layout-flex\">\n<figure class=\"wp-block-image size-large\"><img loading=\"lazy\" decoding=\"async\" width=\"532\" height=\"1024\" data-id=\"683\" src=\"https:\/\/www.lanovenaestacion.com\/wp-content\/uploads\/2025\/04\/WhatsApp-Image-2025-04-23-at-9.37.09-AM-532x1024.jpeg\" alt=\"\" class=\"wp-image-683\" srcset=\"https:\/\/www.lanovenaestacion.com\/wp-content\/uploads\/2025\/04\/WhatsApp-Image-2025-04-23-at-9.37.09-AM-532x1024.jpeg 532w, https:\/\/www.lanovenaestacion.com\/wp-content\/uploads\/2025\/04\/WhatsApp-Image-2025-04-23-at-9.37.09-AM-156x300.jpeg 156w, https:\/\/www.lanovenaestacion.com\/wp-content\/uploads\/2025\/04\/WhatsApp-Image-2025-04-23-at-9.37.09-AM.jpeg 576w\" sizes=\"auto, (max-width: 532px) 100vw, 532px\" \/><\/figure>\n<\/figure>\n\n\n\n<p>Sus inicios profesionales se dieron en M\u00e9xico y Estados Unidos, dos plazas que marcaron el comienzo de una expansi\u00f3n art\u00edstica que luego lo llevar\u00eda a Colombia y su natal Venezuela. Su versatilidad y compromiso lo han llevado a ocupar distintos roles dentro del medio, destac\u00e1ndose por su visi\u00f3n estrat\u00e9gica y su capacidad de gesti\u00f3n.<\/p>\n\n\n\n<p>En el a\u00f1o 2019, su talento fue reconocido internacionalmente cuando fue convocado para ser el manager de la serie \u201cEl Se\u00f1or de los Cielos \u2013 Colombia\u201d, una oportunidad que reafirm\u00f3 su presencia en la industria audiovisual.<\/p>\n\n\n\n<p>Gracias a su constancia y liderazgo, ha sido galardonado con importantes reconocimientos en los \u00faltimos a\u00f1os, entre ellos:<\/p>\n\n\n\n<p>Premio Emerging Awards (2022)<\/p>\n\n\n\n<p>Emerging Awards (2023)<\/p>\n\n\n\n<p>Golden Eagle Awards (2024)<\/p>\n\n\n\n<p>Julio C\u00e9sar Ca\u00f1as es sin\u00f3nimo de crecimiento, profesionalismo y evoluci\u00f3n en el medio art\u00edstico, representando con orgullo la nueva generaci\u00f3n de talentos latinos que trascienden fronteras.<\/p>\n\n\n\n<figure class=\"wp-block-gallery has-nested-images columns-default is-cropped wp-block-gallery-2 is-layout-flex wp-block-gallery-is-layout-flex\">\n<figure class=\"wp-block-image size-large\"><img loading=\"lazy\" decoding=\"async\" width=\"510\" height=\"1024\" data-id=\"684\" src=\"https:\/\/www.lanovenaestacion.com\/wp-content\/uploads\/2025\/04\/WhatsApp-Image-2025-04-23-at-9.36.19-AM-510x1024.jpeg\" alt=\"\" class=\"wp-image-684\" srcset=\"https:\/\/www.lanovenaestacion.com\/wp-content\/uploads\/2025\/04\/WhatsApp-Image-2025-04-23-at-9.36.19-AM-510x1024.jpeg 510w, https:\/\/www.lanovenaestacion.com\/wp-content\/uploads\/2025\/04\/WhatsApp-Image-2025-04-23-at-9.36.19-AM-149x300.jpeg 149w, https:\/\/www.lanovenaestacion.com\/wp-content\/uploads\/2025\/04\/WhatsApp-Image-2025-04-23-at-9.36.19-AM.jpeg 637w\" sizes=\"auto, (max-width: 510px) 100vw, 510px\" \/><\/figure>\n\n\n\n<figure class=\"wp-block-image size-large\"><img loading=\"lazy\" decoding=\"async\" width=\"532\" height=\"1024\" data-id=\"683\" src=\"https:\/\/www.lanovenaestacion.com\/wp-content\/uploads\/2025\/04\/WhatsApp-Image-2025-04-23-at-9.37.09-AM-532x1024.jpeg\" alt=\"\" class=\"wp-image-683\" srcset=\"https:\/\/www.lanovenaestacion.com\/wp-content\/uploads\/2025\/04\/WhatsApp-Image-2025-04-23-at-9.37.09-AM-532x1024.jpeg 532w, https:\/\/www.lanovenaestacion.com\/wp-content\/uploads\/2025\/04\/WhatsApp-Image-2025-04-23-at-9.37.09-AM-156x300.jpeg 156w, https:\/\/www.lanovenaestacion.com\/wp-content\/uploads\/2025\/04\/WhatsApp-Image-2025-04-23-at-9.37.09-AM.jpeg 576w\" sizes=\"auto, (max-width: 532px) 100vw, 532px\" \/><\/figure>\n\n\n\n<figure class=\"wp-block-image size-large\"><img loading=\"lazy\" decoding=\"async\" width=\"576\" height=\"1024\" data-id=\"685\" src=\"https:\/\/www.lanovenaestacion.com\/wp-content\/uploads\/2025\/04\/WhatsApp-Image-2025-04-23-at-9.39.13-AM-576x1024.jpeg\" alt=\"\" class=\"wp-image-685\" srcset=\"https:\/\/www.lanovenaestacion.com\/wp-content\/uploads\/2025\/04\/WhatsApp-Image-2025-04-23-at-9.39.13-AM-576x1024.jpeg 576w, https:\/\/www.lanovenaestacion.com\/wp-content\/uploads\/2025\/04\/WhatsApp-Image-2025-04-23-at-9.39.13-AM-169x300.jpeg 169w, https:\/\/www.lanovenaestacion.com\/wp-content\/uploads\/2025\/04\/WhatsApp-Image-2025-04-23-at-9.39.13-AM.jpeg 720w\" sizes=\"auto, (max-width: 576px) 100vw, 576px\" \/><\/figure>\n<\/figure>\n","protected":false},"excerpt":{"rendered":"<p>Julio C\u00e9sar Ca\u00f1as Rodr\u00edguez naci\u00f3 el 31 de agosto de 1993 en El Vig\u00eda, estado M\u00e9rida, Venezuela. Hijo de padres colombianos, ha construido una carrera s\u00f3lida en el medio art\u00edstico a lo largo de una d\u00e9cada, consolid\u00e1ndose como una figura clave en diversas \u00e1reas del entretenimiento en Am\u00e9rica Latina y Estados Unidos. Sus inicios profesionales [&hellip;]<\/p>\n","protected":false},"author":2,"featured_media":683,"comment_status":"open","ping_status":"open","sticky":false,"template":"","format":"standard","meta":{"footnotes":""},"categories":[3,1],"tags":[],"class_list":["post-681","post","type-post","status-publish","format-standard","has-post-thumbnail","hentry","category-noticias-dia-a-dia","category-uncategorized"],"_links":{"self":[{"href":"https:\/\/www.lanovenaestacion.com\/index.php\/wp-json\/wp\/v2\/posts\/681","targetHints":{"allow":["GET"]}}],"collection":[{"href":"https:\/\/www.lanovenaestacion.com\/index.php\/wp-json\/wp\/v2\/posts"}],"about":[{"href":"https:\/\/www.lanovenaestacion.com\/index.php\/wp-json\/wp\/v2\/types\/post"}],"author":[{"embeddable":true,"href":"https:\/\/www.lanovenaestacion.com\/index.php\/wp-json\/wp\/v2\/users\/2"}],"replies":[{"embeddable":true,"href":"https:\/\/www.lanovenaestacion.com\/index.php\/wp-json\/wp\/v2\/comments?post=681"}],"version-history":[{"count":1,"href":"https:\/\/www.lanovenaestacion.com\/index.php\/wp-json\/wp\/v2\/posts\/681\/revisions"}],"predecessor-version":[{"id":686,"href":"https:\/\/www.lanovenaestacion.com\/index.php\/wp-json\/wp\/v2\/posts\/681\/revisions\/686"}],"wp:featuredmedia":[{"embeddable":true,"href":"https:\/\/www.lanovenaestacion.com\/index.php\/wp-json\/wp\/v2\/media\/683"}],"wp:attachment":[{"href":"https:\/\/www.lanovenaestacion.com\/index.php\/wp-json\/wp\/v2\/media?parent=681"}],"wp:term":[{"taxonomy":"category","embeddable":true,"href":"https:\/\/www.lanovenaestacion.com\/index.php\/wp-json\/wp\/v2\/categories?post=681"},{"taxonomy":"post_tag","embeddable":true,"href":"https:\/\/www.lanovenaestacion.com\/index.php\/wp-json\/wp\/v2\/tags?post=681"}],"curies":[{"name":"wp","href":"https:\/\/api.w.org\/{rel}","templated":true}]}}