{"id":702,"date":"2025-05-01T12:05:01","date_gmt":"2025-05-01T17:05:01","guid":{"rendered":"https:\/\/www.lanovenaestacion.com\/?p=702"},"modified":"2025-05-01T12:05:01","modified_gmt":"2025-05-01T17:05:01","slug":"esap-abre-inscripciones-para-programas-de-pregrado-y-posgrado-2025","status":"publish","type":"post","link":"https:\/\/www.lanovenaestacion.com\/index.php\/2025\/05\/01\/esap-abre-inscripciones-para-programas-de-pregrado-y-posgrado-2025\/","title":{"rendered":"ESAP abre inscripciones para programas de pregrado y posgrado 2025"},"content":{"rendered":"\n<p>Bogot\u00e1, mayo de 2025 \u2014 La Escuela Superior de Administraci\u00f3n P\u00fablica (ESAP) invita a todos los ciudadanos interesados en asegurar su futuro acad\u00e9mico a inscribirse en sus programas de pregrado y posgrado para el segundo semestre del 2025.<br>\ud83d\udcc5 Inscripciones abiertas del 29 de abril al 27 de mayo, ofreciendo a los aspirantes la oportunidad de ser parte de una instituci\u00f3n reconocida por su compromiso con la formaci\u00f3n de profesionales en administraci\u00f3n p\u00fablica.<\/p>\n\n\n\n<figure class=\"wp-block-gallery has-nested-images columns-default is-cropped wp-block-gallery-1 is-layout-flex wp-block-gallery-is-layout-flex\">\n<figure class=\"wp-block-image size-large\"><img loading=\"lazy\" decoding=\"async\" width=\"1024\" height=\"1024\" data-id=\"703\" src=\"https:\/\/www.lanovenaestacion.com\/wp-content\/uploads\/2025\/05\/asegura-tu-futuro-popup-1024x1024.png\" alt=\"\" class=\"wp-image-703\" srcset=\"https:\/\/www.lanovenaestacion.com\/wp-content\/uploads\/2025\/05\/asegura-tu-futuro-popup-1024x1024.png 1024w, https:\/\/www.lanovenaestacion.com\/wp-content\/uploads\/2025\/05\/asegura-tu-futuro-popup-300x300.png 300w, https:\/\/www.lanovenaestacion.com\/wp-content\/uploads\/2025\/05\/asegura-tu-futuro-popup-150x150.png 150w, https:\/\/www.lanovenaestacion.com\/wp-content\/uploads\/2025\/05\/asegura-tu-futuro-popup-768x768.png 768w, https:\/\/www.lanovenaestacion.com\/wp-content\/uploads\/2025\/05\/asegura-tu-futuro-popup.png 1081w\" sizes=\"auto, (max-width: 1024px) 100vw, 1024px\" \/><\/figure>\n<\/figure>\n\n\n\n<p>\u2705 El proceso de selecci\u00f3n y admisi\u00f3n se realizar\u00e1 entre el 17 de junio y el 7 de julio, y las clases dar\u00e1n inicio el pr\u00f3ximo 9 de agosto.<br>La ESAP contin\u00faa consolid\u00e1ndose como una instituci\u00f3n l\u00edder en educaci\u00f3n superior, con una amplia oferta acad\u00e9mica que fortalece las capacidades del talento humano en el sector p\u00fablico y privado.<br>\ud83d\udcf2 Para m\u00e1s informaci\u00f3n y detalles del proceso de inscripci\u00f3n, visita:<br>\ud83d\udc49 https:\/\/www.esap.edu.co\/esap\/organigrama\/subdireccion-academica-nacional\/inscripciones\/<\/p>\n\n\n\n<h1 class=\"wp-block-heading\">MesaDeMedios, #La9naestacion<\/h1>\n\n\n\n<p><\/p>\n","protected":false},"excerpt":{"rendered":"<p>Bogot\u00e1, mayo de 2025 \u2014 La Escuela Superior de Administraci\u00f3n P\u00fablica (ESAP) invita a todos los ciudadanos interesados en asegurar su futuro acad\u00e9mico a inscribirse en sus programas de pregrado y posgrado para el segundo semestre del 2025.\ud83d\udcc5 Inscripciones abiertas del 29 de abril al 27 de mayo, ofreciendo a los aspirantes la oportunidad de [&hellip;]<\/p>\n","protected":false},"author":2,"featured_media":703,"comment_status":"open","ping_status":"open","sticky":false,"template":"","format":"standard","meta":{"footnotes":""},"categories":[3,1],"tags":[],"class_list":["post-702","post","type-post","status-publish","format-standard","has-post-thumbnail","hentry","category-noticias-dia-a-dia","category-uncategorized"],"_links":{"self":[{"href":"https:\/\/www.lanovenaestacion.com\/index.php\/wp-json\/wp\/v2\/posts\/702","targetHints":{"allow":["GET"]}}],"collection":[{"href":"https:\/\/www.lanovenaestacion.com\/index.php\/wp-json\/wp\/v2\/posts"}],"about":[{"href":"https:\/\/www.lanovenaestacion.com\/index.php\/wp-json\/wp\/v2\/types\/post"}],"author":[{"embeddable":true,"href":"https:\/\/www.lanovenaestacion.com\/index.php\/wp-json\/wp\/v2\/users\/2"}],"replies":[{"embeddable":true,"href":"https:\/\/www.lanovenaestacion.com\/index.php\/wp-json\/wp\/v2\/comments?post=702"}],"version-history":[{"count":1,"href":"https:\/\/www.lanovenaestacion.com\/index.php\/wp-json\/wp\/v2\/posts\/702\/revisions"}],"predecessor-version":[{"id":704,"href":"https:\/\/www.lanovenaestacion.com\/index.php\/wp-json\/wp\/v2\/posts\/702\/revisions\/704"}],"wp:featuredmedia":[{"embeddable":true,"href":"https:\/\/www.lanovenaestacion.com\/index.php\/wp-json\/wp\/v2\/media\/703"}],"wp:attachment":[{"href":"https:\/\/www.lanovenaestacion.com\/index.php\/wp-json\/wp\/v2\/media?parent=702"}],"wp:term":[{"taxonomy":"category","embeddable":true,"href":"https:\/\/www.lanovenaestacion.com\/index.php\/wp-json\/wp\/v2\/categories?post=702"},{"taxonomy":"post_tag","embeddable":true,"href":"https:\/\/www.lanovenaestacion.com\/index.php\/wp-json\/wp\/v2\/tags?post=702"}],"curies":[{"name":"wp","href":"https:\/\/api.w.org\/{rel}","templated":true}]}}