{"id":728,"date":"2025-05-25T09:25:00","date_gmt":"2025-05-25T14:25:00","guid":{"rendered":"https:\/\/www.lanovenaestacion.com\/?p=728"},"modified":"2025-05-25T09:25:00","modified_gmt":"2025-05-25T14:25:00","slug":"alfredo-rojas-inicia-celebracion-de-45-anos-de-carrera-artistica-con-gran-rumbon-venezolano-en-medellin","status":"publish","type":"post","link":"https:\/\/www.lanovenaestacion.com\/index.php\/2025\/05\/25\/alfredo-rojas-inicia-celebracion-de-45-anos-de-carrera-artistica-con-gran-rumbon-venezolano-en-medellin\/","title":{"rendered":"Alfredo Rojas inicia Celebraci\u00f3n de 45 A\u00f1os de Carrera Art\u00edstica con Gran Rumb\u00f3n Venezolano en Medell\u00edn"},"content":{"rendered":"\n<p>Medell\u00edn, Colombia \u2013 El pr\u00f3ximo s\u00e1bado 14 de junio, la Discoteca Amarna en El Poblado se convertir\u00e1 en el epicentro de una noche inolvidable de m\u00fasica y celebraci\u00f3n. *Alfredo Rojas, aclamado artista y promotor de medios internacionales, dar\u00e1 inicio a la conmemoraci\u00f3n de sus 45 a\u00f1os de trayectoria art\u00edstica con un **Gran Rumb\u00f3n Venezolano* que promete ser una experiencia \u00fanica.<\/p>\n\n\n\n<p>En esta ocasi\u00f3n tan especial, Alfredo Rojas compartir\u00e1 el escenario con un destacado elenco de artistas que incluir\u00e1 a Angelove Banda, Javier Marcano (exvocalista de Los Mel\u00f3dicos), Isabella Daza y Fernando Mart\u00ednez, quienes deleitar\u00e1n al p\u00fablico con un repertorio vibrante de m\u00fasica popular colombiana.<\/p>\n\n\n\n<figure class=\"wp-block-gallery has-nested-images columns-default is-cropped wp-block-gallery-1 is-layout-flex wp-block-gallery-is-layout-flex\">\n<figure class=\"wp-block-image size-large\"><img loading=\"lazy\" decoding=\"async\" width=\"1024\" height=\"576\" data-id=\"729\" src=\"https:\/\/www.lanovenaestacion.com\/wp-content\/uploads\/2025\/05\/WhatsApp-Image-2025-05-24-at-9.50.19-PM-1024x576.jpeg\" alt=\"\" class=\"wp-image-729\" srcset=\"https:\/\/www.lanovenaestacion.com\/wp-content\/uploads\/2025\/05\/WhatsApp-Image-2025-05-24-at-9.50.19-PM-1024x576.jpeg 1024w, https:\/\/www.lanovenaestacion.com\/wp-content\/uploads\/2025\/05\/WhatsApp-Image-2025-05-24-at-9.50.19-PM-300x169.jpeg 300w, https:\/\/www.lanovenaestacion.com\/wp-content\/uploads\/2025\/05\/WhatsApp-Image-2025-05-24-at-9.50.19-PM-768x432.jpeg 768w, https:\/\/www.lanovenaestacion.com\/wp-content\/uploads\/2025\/05\/WhatsApp-Image-2025-05-24-at-9.50.19-PM-1536x864.jpeg 1536w, https:\/\/www.lanovenaestacion.com\/wp-content\/uploads\/2025\/05\/WhatsApp-Image-2025-05-24-at-9.50.19-PM.jpeg 1600w\" sizes=\"auto, (max-width: 1024px) 100vw, 1024px\" \/><\/figure>\n<\/figure>\n\n\n\n<p>La celebraci\u00f3n tambi\u00e9n marcar\u00e1 un hito para la <strong>banda Alfredo Rojas y su Caribe Show<\/strong>, que festeja <strong>26 a\u00f1os de carrera musical<\/strong> llevando alegr\u00eda a los escenarios de Colombia y Latinoam\u00e9rica. Con su caracter\u00edstico ritmo contagioso y energ\u00eda inigualable, la agrupaci\u00f3n garantizar\u00e1 una noche inolvidable para todos los asistentes.<\/p>\n\n\n\n<p><strong>Detalles del evento:<\/strong><\/p>\n\n\n\n<ul class=\"wp-block-list\">\n<li>\ud83d\udcc5 <strong>Fecha:<\/strong> S\u00e1bado 14 de junio<\/li>\n\n\n\n<li>\ud83d\udccd <strong>Lugar:<\/strong> Discoteca Amarna, El Poblado, Medell\u00edn<\/li>\n\n\n\n<li>\ud83c\udfa4 <strong>Artistas invitados:<\/strong> Angelove Banda, Javier Marcano, Isabella Daza, Fernando Mart\u00ednez<\/li>\n\n\n\n<li>\ud83c\udfa7 <strong>DJ invitado:<\/strong> Urdaneta Son<\/li>\n<\/ul>\n\n\n\n<p>Este ser\u00e1 el primero de una serie de eventos con los que Alfredo Rojas celebrar\u00e1 su legado art\u00edstico a lo largo del a\u00f1o en distintos departamentos de Colombia, con nuevas presentaciones y lanzamientos musicales.<\/p>\n\n\n\n<p>Para estar al tanto de todas las actividades, puedes seguir a Alfredo Rojas y sus proyectos en redes sociales:<br>\ud83d\udd39 <a class=\"\" href=\"https:\/\/www.instagram.com\/alfredorojas_promotor\">@alfredorojas_promotor<\/a><br>\ud83d\udd39 <a class=\"\" href=\"https:\/\/www.instagram.com\/arproduccionesve\">@arproduccionesve<\/a><br>\ud83d\udd39 <a class=\"\" href=\"https:\/\/www.instagram.com\/caribeshowdealfredorojas\">@caribeshowdealfredorojas<\/a><\/p>\n\n\n\n<p>\ud83c\udf9f\ufe0f <em>Evento producido por<\/em> <strong>@arproduccionesve<\/strong> y <strong>@orientenocturno<\/strong>.<br>\ud83d\udcf2 <em>M\u00e1s informaci\u00f3n y reservas:<\/em> <a class=\"\" href=\"https:\/\/wa.me\/message\/U22MVKI2F24UP1\">https:\/\/wa.me\/message\/U22MVKI2F24UP1<\/a><\/p>\n\n\n\n<figure class=\"wp-block-gallery has-nested-images columns-default is-cropped wp-block-gallery-2 is-layout-flex wp-block-gallery-is-layout-flex\">\n<figure class=\"wp-block-image size-large\"><img loading=\"lazy\" decoding=\"async\" width=\"1024\" height=\"576\" data-id=\"730\" src=\"https:\/\/www.lanovenaestacion.com\/wp-content\/uploads\/2025\/05\/WhatsApp-Image-2025-05-24-at-9.50.18-PM-1024x576.jpeg\" alt=\"\" class=\"wp-image-730\" srcset=\"https:\/\/www.lanovenaestacion.com\/wp-content\/uploads\/2025\/05\/WhatsApp-Image-2025-05-24-at-9.50.18-PM-1024x576.jpeg 1024w, https:\/\/www.lanovenaestacion.com\/wp-content\/uploads\/2025\/05\/WhatsApp-Image-2025-05-24-at-9.50.18-PM-300x169.jpeg 300w, https:\/\/www.lanovenaestacion.com\/wp-content\/uploads\/2025\/05\/WhatsApp-Image-2025-05-24-at-9.50.18-PM-768x432.jpeg 768w, https:\/\/www.lanovenaestacion.com\/wp-content\/uploads\/2025\/05\/WhatsApp-Image-2025-05-24-at-9.50.18-PM-1536x864.jpeg 1536w, https:\/\/www.lanovenaestacion.com\/wp-content\/uploads\/2025\/05\/WhatsApp-Image-2025-05-24-at-9.50.18-PM.jpeg 1600w\" sizes=\"auto, (max-width: 1024px) 100vw, 1024px\" \/><\/figure>\n<\/figure>\n","protected":false},"excerpt":{"rendered":"<p>Medell\u00edn, Colombia \u2013 El pr\u00f3ximo s\u00e1bado 14 de junio, la Discoteca Amarna en El Poblado se convertir\u00e1 en el epicentro de una noche inolvidable de m\u00fasica y celebraci\u00f3n. *Alfredo Rojas, aclamado artista y promotor de medios internacionales, dar\u00e1 inicio a la conmemoraci\u00f3n de sus 45 a\u00f1os de trayectoria art\u00edstica con un **Gran Rumb\u00f3n Venezolano* que [&hellip;]<\/p>\n","protected":false},"author":2,"featured_media":730,"comment_status":"open","ping_status":"open","sticky":false,"template":"","format":"standard","meta":{"footnotes":""},"categories":[3,1],"tags":[],"class_list":["post-728","post","type-post","status-publish","format-standard","has-post-thumbnail","hentry","category-noticias-dia-a-dia","category-uncategorized"],"_links":{"self":[{"href":"https:\/\/www.lanovenaestacion.com\/index.php\/wp-json\/wp\/v2\/posts\/728","targetHints":{"allow":["GET"]}}],"collection":[{"href":"https:\/\/www.lanovenaestacion.com\/index.php\/wp-json\/wp\/v2\/posts"}],"about":[{"href":"https:\/\/www.lanovenaestacion.com\/index.php\/wp-json\/wp\/v2\/types\/post"}],"author":[{"embeddable":true,"href":"https:\/\/www.lanovenaestacion.com\/index.php\/wp-json\/wp\/v2\/users\/2"}],"replies":[{"embeddable":true,"href":"https:\/\/www.lanovenaestacion.com\/index.php\/wp-json\/wp\/v2\/comments?post=728"}],"version-history":[{"count":1,"href":"https:\/\/www.lanovenaestacion.com\/index.php\/wp-json\/wp\/v2\/posts\/728\/revisions"}],"predecessor-version":[{"id":731,"href":"https:\/\/www.lanovenaestacion.com\/index.php\/wp-json\/wp\/v2\/posts\/728\/revisions\/731"}],"wp:featuredmedia":[{"embeddable":true,"href":"https:\/\/www.lanovenaestacion.com\/index.php\/wp-json\/wp\/v2\/media\/730"}],"wp:attachment":[{"href":"https:\/\/www.lanovenaestacion.com\/index.php\/wp-json\/wp\/v2\/media?parent=728"}],"wp:term":[{"taxonomy":"category","embeddable":true,"href":"https:\/\/www.lanovenaestacion.com\/index.php\/wp-json\/wp\/v2\/categories?post=728"},{"taxonomy":"post_tag","embeddable":true,"href":"https:\/\/www.lanovenaestacion.com\/index.php\/wp-json\/wp\/v2\/tags?post=728"}],"curies":[{"name":"wp","href":"https:\/\/api.w.org\/{rel}","templated":true}]}}