{"id":838,"date":"2025-06-24T11:06:20","date_gmt":"2025-06-24T16:06:20","guid":{"rendered":"https:\/\/www.lanovenaestacion.com\/?p=838"},"modified":"2025-06-24T11:06:21","modified_gmt":"2025-06-24T16:06:21","slug":"exito-total-en-el-lanzamiento-de-la-revista-cultura-music-en-medellin-mas-de-200-asistentes-celebraron-la-primera-edicion-con-talento-estilo-y-cultura","status":"publish","type":"post","link":"https:\/\/www.lanovenaestacion.com\/index.php\/2025\/06\/24\/exito-total-en-el-lanzamiento-de-la-revista-cultura-music-en-medellin-mas-de-200-asistentes-celebraron-la-primera-edicion-con-talento-estilo-y-cultura\/","title":{"rendered":"\u00c9xito Total en el Lanzamiento de la Revista Cultura Music en Medell\u00edn: M\u00e1s de 200 Asistentes Celebraron la Primera Edici\u00f3n con Talento, Estilo y Cultura"},"content":{"rendered":"\n<p><strong>Medell\u00edn, 13 de junio de 2025<\/strong> \u2013 En una velada vibrante y llena de arte, se llev\u00f3 a cabo el esperado lanzamiento de la revista <strong>Cultura Music<\/strong>, el pasado 12 de junio en Medell\u00edn. El evento super\u00f3 todas las expectativas, reuniendo a m\u00e1s de 200 asistentes y consolid\u00e1ndose como una plataforma de impulso para el talento emergente y consolidado del pa\u00eds.<\/p>\n\n\n\n<p>La noche estuvo marcada por <strong>45 showcases musicales<\/strong> de artistas nacionales e internacionales, as\u00ed como por un espectacular <strong>desfile de moda con m\u00e1s de 20 modelos en escena<\/strong>, que deslumbr\u00f3 por su puesta en escena y propuestas vanguardistas. La pasarela y el escenario se convirtieron en un mismo lenguaje de expresi\u00f3n cultural y art\u00edstica.<\/p>\n\n\n\n<p>Entre los <strong>invitados especiales<\/strong>, se destac\u00f3 la participaci\u00f3n de artistas como <strong>3 Pesos<\/strong>, <strong>Fercho Mor<\/strong>, y figuras internacionales como <strong>Marcel \u00abPiel Morena\u00bb<\/strong>, as\u00ed como el colectivo <strong>Bonches Latinos de Nueva York<\/strong>, quienes aportaron un toque internacional y diverso al evento. Tambi\u00e9n se cont\u00f3 con la destacada presencia de <strong>Radio La 9na Estaci\u00f3n<\/strong>, medio aliado que acompa\u00f1\u00f3 la cobertura minuto a minuto.<\/p>\n\n\n\n<figure class=\"wp-block-gallery has-nested-images columns-default is-cropped wp-block-gallery-1 is-layout-flex wp-block-gallery-is-layout-flex\">\n<figure class=\"wp-block-image size-large\"><img loading=\"lazy\" decoding=\"async\" width=\"1000\" height=\"667\" data-id=\"839\" src=\"https:\/\/www.lanovenaestacion.com\/wp-content\/uploads\/2025\/06\/WhatsApp-Image-2025-06-16-at-10.13.19-PM.jpeg\" alt=\"\" class=\"wp-image-839\" srcset=\"https:\/\/www.lanovenaestacion.com\/wp-content\/uploads\/2025\/06\/WhatsApp-Image-2025-06-16-at-10.13.19-PM.jpeg 1000w, https:\/\/www.lanovenaestacion.com\/wp-content\/uploads\/2025\/06\/WhatsApp-Image-2025-06-16-at-10.13.19-PM-300x200.jpeg 300w, https:\/\/www.lanovenaestacion.com\/wp-content\/uploads\/2025\/06\/WhatsApp-Image-2025-06-16-at-10.13.19-PM-768x512.jpeg 768w\" sizes=\"auto, (max-width: 1000px) 100vw, 1000px\" \/><\/figure>\n\n\n\n<figure class=\"wp-block-image size-large\"><img loading=\"lazy\" decoding=\"async\" width=\"1000\" height=\"667\" data-id=\"844\" src=\"https:\/\/www.lanovenaestacion.com\/wp-content\/uploads\/2025\/06\/WhatsApp-Image-2025-06-16-at-10.12.38-PM.jpeg\" alt=\"\" class=\"wp-image-844\" srcset=\"https:\/\/www.lanovenaestacion.com\/wp-content\/uploads\/2025\/06\/WhatsApp-Image-2025-06-16-at-10.12.38-PM.jpeg 1000w, https:\/\/www.lanovenaestacion.com\/wp-content\/uploads\/2025\/06\/WhatsApp-Image-2025-06-16-at-10.12.38-PM-300x200.jpeg 300w, https:\/\/www.lanovenaestacion.com\/wp-content\/uploads\/2025\/06\/WhatsApp-Image-2025-06-16-at-10.12.38-PM-768x512.jpeg 768w\" sizes=\"auto, (max-width: 1000px) 100vw, 1000px\" \/><\/figure>\n\n\n\n<figure class=\"wp-block-image size-large\"><img loading=\"lazy\" decoding=\"async\" width=\"1000\" height=\"667\" data-id=\"841\" src=\"https:\/\/www.lanovenaestacion.com\/wp-content\/uploads\/2025\/06\/WhatsApp-Image-2025-06-16-at-10.12.37-PM-1.jpeg\" alt=\"\" class=\"wp-image-841\" srcset=\"https:\/\/www.lanovenaestacion.com\/wp-content\/uploads\/2025\/06\/WhatsApp-Image-2025-06-16-at-10.12.37-PM-1.jpeg 1000w, https:\/\/www.lanovenaestacion.com\/wp-content\/uploads\/2025\/06\/WhatsApp-Image-2025-06-16-at-10.12.37-PM-1-300x200.jpeg 300w, https:\/\/www.lanovenaestacion.com\/wp-content\/uploads\/2025\/06\/WhatsApp-Image-2025-06-16-at-10.12.37-PM-1-768x512.jpeg 768w\" sizes=\"auto, (max-width: 1000px) 100vw, 1000px\" \/><\/figure>\n\n\n\n<figure class=\"wp-block-image size-large\"><img loading=\"lazy\" decoding=\"async\" width=\"533\" height=\"800\" data-id=\"840\" src=\"https:\/\/www.lanovenaestacion.com\/wp-content\/uploads\/2025\/06\/WhatsApp-Image-2025-06-16-at-10.12.37-PM.jpeg\" alt=\"\" class=\"wp-image-840\" srcset=\"https:\/\/www.lanovenaestacion.com\/wp-content\/uploads\/2025\/06\/WhatsApp-Image-2025-06-16-at-10.12.37-PM.jpeg 533w, https:\/\/www.lanovenaestacion.com\/wp-content\/uploads\/2025\/06\/WhatsApp-Image-2025-06-16-at-10.12.37-PM-200x300.jpeg 200w\" sizes=\"auto, (max-width: 533px) 100vw, 533px\" \/><\/figure>\n\n\n\n<figure class=\"wp-block-image size-large\"><img loading=\"lazy\" decoding=\"async\" width=\"1000\" height=\"667\" data-id=\"843\" src=\"https:\/\/www.lanovenaestacion.com\/wp-content\/uploads\/2025\/06\/WhatsApp-Image-2025-06-16-at-10.12.36-PM-1.jpeg\" alt=\"\" class=\"wp-image-843\" srcset=\"https:\/\/www.lanovenaestacion.com\/wp-content\/uploads\/2025\/06\/WhatsApp-Image-2025-06-16-at-10.12.36-PM-1.jpeg 1000w, https:\/\/www.lanovenaestacion.com\/wp-content\/uploads\/2025\/06\/WhatsApp-Image-2025-06-16-at-10.12.36-PM-1-300x200.jpeg 300w, https:\/\/www.lanovenaestacion.com\/wp-content\/uploads\/2025\/06\/WhatsApp-Image-2025-06-16-at-10.12.36-PM-1-768x512.jpeg 768w\" sizes=\"auto, (max-width: 1000px) 100vw, 1000px\" \/><\/figure>\n\n\n\n<figure class=\"wp-block-image size-large\"><img loading=\"lazy\" decoding=\"async\" width=\"533\" height=\"800\" data-id=\"842\" src=\"https:\/\/www.lanovenaestacion.com\/wp-content\/uploads\/2025\/06\/WhatsApp-Image-2025-06-16-at-10.12.36-PM.jpeg\" alt=\"\" class=\"wp-image-842\" srcset=\"https:\/\/www.lanovenaestacion.com\/wp-content\/uploads\/2025\/06\/WhatsApp-Image-2025-06-16-at-10.12.36-PM.jpeg 533w, https:\/\/www.lanovenaestacion.com\/wp-content\/uploads\/2025\/06\/WhatsApp-Image-2025-06-16-at-10.12.36-PM-200x300.jpeg 200w\" sizes=\"auto, (max-width: 533px) 100vw, 533px\" \/><\/figure>\n<\/figure>\n\n\n\n<p>En el componente acad\u00e9mico y formativo, se realizaron dos conferencias magistrales: una a cargo de <strong>Alfredo Rojas<\/strong>, reconocido gerente de prensa, y otra liderada por <strong>Milena Ram\u00edrez<\/strong>, coach emocional, quien conect\u00f3 profundamente con el p\u00fablico a trav\u00e9s de un mensaje de empoderamiento y transformaci\u00f3n desde el ser.<\/p>\n\n\n\n<p>Las palabras de apertura estuvieron a cargo de <strong>Nahomy Blanco<\/strong>, productora general del evento, quien reafirm\u00f3 el compromiso de la revista con la visibilizaci\u00f3n del talento local y regional. Por su parte, <strong>Sonicko<\/strong>, productor art\u00edstico, destac\u00f3 la diversidad musical y la excelencia en cada una de las presentaciones.<\/p>\n\n\n\n<p>El fundador de Cultura Music, <strong>Wilson Quintero<\/strong>, expres\u00f3 su agradecimiento al p\u00fablico y a los medios de comunicaci\u00f3n, asegurando que esta primera edici\u00f3n marca el inicio de un ambicioso proyecto editorial que buscar\u00e1 recorrer, visibilizar y celebrar las distintas manifestaciones culturales de Medell\u00edn y el pa\u00eds.<\/p>\n\n\n\n<p>Con la presencia de <strong>m\u00e1s de 35 medios de comunicaci\u00f3n<\/strong>, entre prensa escrita, digital, radial y televisiva, el evento se posicion\u00f3 como un referente innovador dentro del panorama cultural colombiano.<\/p>\n\n\n\n<p>Tras el rotundo \u00e9xito de esta primera edici\u00f3n, el equipo de Cultura Music ya trabaja en la segunda entrega, la cual estar\u00e1 dedicada a la emblem\u00e1tica <strong>Feria de las Flores<\/strong>, prometiendo una experiencia a\u00fan m\u00e1s impactante, colorida y representativa de la identidad paisa.<\/p>\n\n\n\n<figure class=\"wp-block-gallery has-nested-images columns-default is-cropped wp-block-gallery-2 is-layout-flex wp-block-gallery-is-layout-flex\"><\/figure>\n","protected":false},"excerpt":{"rendered":"<p>Medell\u00edn, 13 de junio de 2025 \u2013 En una velada vibrante y llena de arte, se llev\u00f3 a cabo el esperado lanzamiento de la revista Cultura Music, el pasado 12 de junio en Medell\u00edn. El evento super\u00f3 todas las expectativas, reuniendo a m\u00e1s de 200 asistentes y consolid\u00e1ndose como una plataforma de impulso para el [&hellip;]<\/p>\n","protected":false},"author":2,"featured_media":843,"comment_status":"open","ping_status":"open","sticky":false,"template":"","format":"standard","meta":{"footnotes":""},"categories":[3,1],"tags":[],"class_list":["post-838","post","type-post","status-publish","format-standard","has-post-thumbnail","hentry","category-noticias-dia-a-dia","category-uncategorized"],"_links":{"self":[{"href":"https:\/\/www.lanovenaestacion.com\/index.php\/wp-json\/wp\/v2\/posts\/838","targetHints":{"allow":["GET"]}}],"collection":[{"href":"https:\/\/www.lanovenaestacion.com\/index.php\/wp-json\/wp\/v2\/posts"}],"about":[{"href":"https:\/\/www.lanovenaestacion.com\/index.php\/wp-json\/wp\/v2\/types\/post"}],"author":[{"embeddable":true,"href":"https:\/\/www.lanovenaestacion.com\/index.php\/wp-json\/wp\/v2\/users\/2"}],"replies":[{"embeddable":true,"href":"https:\/\/www.lanovenaestacion.com\/index.php\/wp-json\/wp\/v2\/comments?post=838"}],"version-history":[{"count":1,"href":"https:\/\/www.lanovenaestacion.com\/index.php\/wp-json\/wp\/v2\/posts\/838\/revisions"}],"predecessor-version":[{"id":845,"href":"https:\/\/www.lanovenaestacion.com\/index.php\/wp-json\/wp\/v2\/posts\/838\/revisions\/845"}],"wp:featuredmedia":[{"embeddable":true,"href":"https:\/\/www.lanovenaestacion.com\/index.php\/wp-json\/wp\/v2\/media\/843"}],"wp:attachment":[{"href":"https:\/\/www.lanovenaestacion.com\/index.php\/wp-json\/wp\/v2\/media?parent=838"}],"wp:term":[{"taxonomy":"category","embeddable":true,"href":"https:\/\/www.lanovenaestacion.com\/index.php\/wp-json\/wp\/v2\/categories?post=838"},{"taxonomy":"post_tag","embeddable":true,"href":"https:\/\/www.lanovenaestacion.com\/index.php\/wp-json\/wp\/v2\/tags?post=838"}],"curies":[{"name":"wp","href":"https:\/\/api.w.org\/{rel}","templated":true}]}}