{"id":849,"date":"2025-07-15T15:08:38","date_gmt":"2025-07-15T20:08:38","guid":{"rendered":"https:\/\/www.lanovenaestacion.com\/?p=849"},"modified":"2025-07-15T15:08:39","modified_gmt":"2025-07-15T20:08:39","slug":"orgullo-nacional-estudiante-de-colegio-publico-de-medellin-representara-a-colombia-en-olimpiadas-mundiales-de-inteligencia-artificial-en-china","status":"publish","type":"post","link":"https:\/\/www.lanovenaestacion.com\/index.php\/2025\/07\/15\/orgullo-nacional-estudiante-de-colegio-publico-de-medellin-representara-a-colombia-en-olimpiadas-mundiales-de-inteligencia-artificial-en-china\/","title":{"rendered":"\u00a1Orgullo nacional! Estudiante de colegio p\u00fablico de Medell\u00edn representar\u00e1 a Colombia en Olimpiadas Mundiales de Inteligencia Artificial en China"},"content":{"rendered":"\n<figure class=\"wp-block-image size-large\"><img loading=\"lazy\" decoding=\"async\" width=\"771\" height=\"1024\" src=\"https:\/\/www.lanovenaestacion.com\/wp-content\/uploads\/2025\/07\/WhatsApp-Image-2025-07-14-at-9.06.46-PM-771x1024.jpeg\" alt=\"\" class=\"wp-image-851\" srcset=\"https:\/\/www.lanovenaestacion.com\/wp-content\/uploads\/2025\/07\/WhatsApp-Image-2025-07-14-at-9.06.46-PM-771x1024.jpeg 771w, https:\/\/www.lanovenaestacion.com\/wp-content\/uploads\/2025\/07\/WhatsApp-Image-2025-07-14-at-9.06.46-PM-226x300.jpeg 226w, https:\/\/www.lanovenaestacion.com\/wp-content\/uploads\/2025\/07\/WhatsApp-Image-2025-07-14-at-9.06.46-PM-768x1021.jpeg 768w, https:\/\/www.lanovenaestacion.com\/wp-content\/uploads\/2025\/07\/WhatsApp-Image-2025-07-14-at-9.06.46-PM-1156x1536.jpeg 1156w, https:\/\/www.lanovenaestacion.com\/wp-content\/uploads\/2025\/07\/WhatsApp-Image-2025-07-14-at-9.06.46-PM.jpeg 1204w\" sizes=\"auto, (max-width: 771px) 100vw, 771px\" \/><\/figure>\n\n\n\n<p><strong>Medell\u00edn, julio de 2025.<\/strong><br>Juan Jos\u00e9 G\u00f3mez, estudiante de grado once en la Instituci\u00f3n Educativa Madre Laura, ubicada en la comuna 9 (Buenos Aires) de Medell\u00edn, ha sido seleccionado para representar a Colombia en la <em>International Olympiad in Artificial Intelligence (IOAI)<\/em>, que se realizar\u00e1 en China entre el 1 y el 12 de agosto. Con tan solo 17 a\u00f1os, ser\u00e1 el \u00fanico integrante del equipo nacional proveniente del sistema educativo p\u00fablico.<\/p>\n\n\n\n<p>La historia de Juan Jos\u00e9 comenz\u00f3 desde temprana edad, cuando con apenas nueve a\u00f1os particip\u00f3 en una Feria de la Ciencia con un proyecto de rob\u00f3tica. Desde entonces, su pasi\u00f3n por la tecnolog\u00eda lo llev\u00f3 a formarse en rob\u00f3tica, electr\u00f3nica y programaci\u00f3n en Python, una combinaci\u00f3n de conocimientos que encendi\u00f3 su inter\u00e9s por el mundo de la inteligencia artificial.<\/p>\n\n\n\n<p>\u201cLos tres campos se conectaban entre s\u00ed, y fue all\u00ed cuando empec\u00e9 a profundizar m\u00e1s en la IA\u201d, cuenta Juan Jos\u00e9, quien ha forjado su camino con dedicaci\u00f3n, disciplina y el respaldo de su comunidad educativa.<\/p>\n\n\n\n<p>En febrero, recibi\u00f3 por parte de uno de sus docentes la invitaci\u00f3n a participar en las Olimpiadas Nacionales de Inteligencia Artificial. Motivado por el reto, asisti\u00f3 a capacitaciones en el Planetario de Medell\u00edn y m\u00e1s tarde se inscribi\u00f3 formalmente en la competencia. Para poder costear sus estudios y materiales, organiz\u00f3 una rifa que le permiti\u00f3 acceder a plataformas educativas especializadas.<\/p>\n\n\n\n<p>Aunque en un principio no logr\u00f3 clasificar a la segunda fase, una revisi\u00f3n del sistema revel\u00f3 que hab\u00eda respondido correctamente 13 de las 15 preguntas del examen, lo que le asegur\u00f3 un lugar entre los mejores puntajes del pa\u00eds. Esto lo llev\u00f3 a participar en la fase presencial en Bogot\u00e1, donde se destac\u00f3 en las pruebas t\u00e9cnicas realizadas en el Colegio Gimnasio Nicol\u00e1s de Federm\u00e1n.<\/p>\n\n\n\n<p>\u201cEl apoyo de la instituci\u00f3n y de su familia ha sido fundamental. He estado con \u00e9l en momentos complejos, pero siempre ha demostrado una actitud resiliente y una enorme capacidad de aprendizaje\u201d, destac\u00f3 Jos\u00e9 D\u00e1vila, profesor de matem\u00e1ticas de la IE Madre Laura.<\/p>\n\n\n\n<figure class=\"wp-block-image size-large\"><img loading=\"lazy\" decoding=\"async\" width=\"683\" height=\"1024\" src=\"https:\/\/www.lanovenaestacion.com\/wp-content\/uploads\/2025\/07\/ChatGPT-Image-15-jul-2025-03_04_45-p.m-683x1024.jpg\" alt=\"\" class=\"wp-image-852\" srcset=\"https:\/\/www.lanovenaestacion.com\/wp-content\/uploads\/2025\/07\/ChatGPT-Image-15-jul-2025-03_04_45-p.m-683x1024.jpg 683w, https:\/\/www.lanovenaestacion.com\/wp-content\/uploads\/2025\/07\/ChatGPT-Image-15-jul-2025-03_04_45-p.m-200x300.jpg 200w, https:\/\/www.lanovenaestacion.com\/wp-content\/uploads\/2025\/07\/ChatGPT-Image-15-jul-2025-03_04_45-p.m-768x1152.jpg 768w, https:\/\/www.lanovenaestacion.com\/wp-content\/uploads\/2025\/07\/ChatGPT-Image-15-jul-2025-03_04_45-p.m.jpg 1024w\" sizes=\"auto, (max-width: 683px) 100vw, 683px\" \/><\/figure>\n\n\n\n<p>Gracias a su rendimiento, Juan Jos\u00e9 fue seleccionado oficialmente para integrar la <strong>Selecci\u00f3n Colombia de Inteligencia Artificial<\/strong>, que representar\u00e1 al pa\u00eds en la IOAI, una de las competencias m\u00e1s prestigiosas a nivel global en esta \u00e1rea del conocimiento.<\/p>\n\n\n\n<p>La secretaria de Educaci\u00f3n de Medell\u00edn, Carolina Franco, tambi\u00e9n celebr\u00f3 este logro:<\/p>\n\n\n\n<blockquote class=\"wp-block-quote is-layout-flow wp-block-quote-is-layout-flow\">\n<p>\u201cEstamos felices y orgullosos. El talento, disciplina y compromiso de Juan Jos\u00e9 son ejemplo de lo que nuestra juventud es capaz de lograr. \u00a1Felicitaciones, Juan Jos\u00e9, eres un verdadero teso!\u201d.<\/p>\n<\/blockquote>\n\n\n\n<p>Actualmente, el estudiante se encuentra en un proceso de entrenamiento intensivo virtual, ultimando detalles de su viaje y prepar\u00e1ndose para dejar en alto el nombre de su colegio, su ciudad y su pa\u00eds.<\/p>\n\n\n\n<p><\/p>\n","protected":false},"excerpt":{"rendered":"<p>Medell\u00edn, julio de 2025.Juan Jos\u00e9 G\u00f3mez, estudiante de grado once en la Instituci\u00f3n Educativa Madre Laura, ubicada en la comuna 9 (Buenos Aires) de Medell\u00edn, ha sido seleccionado para representar a Colombia en la International Olympiad in Artificial Intelligence (IOAI), que se realizar\u00e1 en China entre el 1 y el 12 de agosto. Con tan [&hellip;]<\/p>\n","protected":false},"author":2,"featured_media":852,"comment_status":"open","ping_status":"open","sticky":false,"template":"","format":"standard","meta":{"footnotes":""},"categories":[1],"tags":[],"class_list":["post-849","post","type-post","status-publish","format-standard","has-post-thumbnail","hentry","category-uncategorized"],"_links":{"self":[{"href":"https:\/\/www.lanovenaestacion.com\/index.php\/wp-json\/wp\/v2\/posts\/849","targetHints":{"allow":["GET"]}}],"collection":[{"href":"https:\/\/www.lanovenaestacion.com\/index.php\/wp-json\/wp\/v2\/posts"}],"about":[{"href":"https:\/\/www.lanovenaestacion.com\/index.php\/wp-json\/wp\/v2\/types\/post"}],"author":[{"embeddable":true,"href":"https:\/\/www.lanovenaestacion.com\/index.php\/wp-json\/wp\/v2\/users\/2"}],"replies":[{"embeddable":true,"href":"https:\/\/www.lanovenaestacion.com\/index.php\/wp-json\/wp\/v2\/comments?post=849"}],"version-history":[{"count":1,"href":"https:\/\/www.lanovenaestacion.com\/index.php\/wp-json\/wp\/v2\/posts\/849\/revisions"}],"predecessor-version":[{"id":853,"href":"https:\/\/www.lanovenaestacion.com\/index.php\/wp-json\/wp\/v2\/posts\/849\/revisions\/853"}],"wp:featuredmedia":[{"embeddable":true,"href":"https:\/\/www.lanovenaestacion.com\/index.php\/wp-json\/wp\/v2\/media\/852"}],"wp:attachment":[{"href":"https:\/\/www.lanovenaestacion.com\/index.php\/wp-json\/wp\/v2\/media?parent=849"}],"wp:term":[{"taxonomy":"category","embeddable":true,"href":"https:\/\/www.lanovenaestacion.com\/index.php\/wp-json\/wp\/v2\/categories?post=849"},{"taxonomy":"post_tag","embeddable":true,"href":"https:\/\/www.lanovenaestacion.com\/index.php\/wp-json\/wp\/v2\/tags?post=849"}],"curies":[{"name":"wp","href":"https:\/\/api.w.org\/{rel}","templated":true}]}}