{"id":857,"date":"2025-08-06T17:11:04","date_gmt":"2025-08-06T22:11:04","guid":{"rendered":"https:\/\/www.lanovenaestacion.com\/?p=857"},"modified":"2025-08-06T17:27:55","modified_gmt":"2025-08-06T22:27:55","slug":"neco-palma-f-c-futbol-con-proposito-identidad-y-transformacion-social","status":"publish","type":"post","link":"https:\/\/www.lanovenaestacion.com\/index.php\/2025\/08\/06\/neco-palma-f-c-futbol-con-proposito-identidad-y-transformacion-social\/","title":{"rendered":"Neco Palma F.C. :F\u00fatbol con prop\u00f3sito, identidad y transformaci\u00f3n social"},"content":{"rendered":"\n<figure class=\"wp-block-image size-large\"><img loading=\"lazy\" decoding=\"async\" width=\"1024\" height=\"576\" src=\"https:\/\/www.lanovenaestacion.com\/wp-content\/uploads\/2025\/08\/WhatsApp-Image-2025-07-29-at-5.44.00-PM-1024x576.jpeg\" alt=\"\" class=\"wp-image-858\" srcset=\"https:\/\/www.lanovenaestacion.com\/wp-content\/uploads\/2025\/08\/WhatsApp-Image-2025-07-29-at-5.44.00-PM-1024x576.jpeg 1024w, https:\/\/www.lanovenaestacion.com\/wp-content\/uploads\/2025\/08\/WhatsApp-Image-2025-07-29-at-5.44.00-PM-300x169.jpeg 300w, https:\/\/www.lanovenaestacion.com\/wp-content\/uploads\/2025\/08\/WhatsApp-Image-2025-07-29-at-5.44.00-PM-768x432.jpeg 768w, https:\/\/www.lanovenaestacion.com\/wp-content\/uploads\/2025\/08\/WhatsApp-Image-2025-07-29-at-5.44.00-PM-1536x864.jpeg 1536w, https:\/\/www.lanovenaestacion.com\/wp-content\/uploads\/2025\/08\/WhatsApp-Image-2025-07-29-at-5.44.00-PM.jpeg 1600w\" sizes=\"auto, (max-width: 1024px) 100vw, 1024px\" \/><\/figure>\n\n\n\n<p><strong>Antioquia \u2013<\/strong> En medio de los desaf\u00edos sociales que enfrentan muchos territorios del pa\u00eds, el Club Deportivo <strong>Neco Palma F.C.<\/strong> emerge como una luz de esperanza, apostando por el f\u00fatbol como un camino de oportunidades, educaci\u00f3n y cambio positivo para la juventud antioque\u00f1a.<\/p>\n\n\n\n<p>Fundado con una clara <strong>vocaci\u00f3n social y formativa<\/strong>, Neco Palma F.C. va m\u00e1s all\u00e1 del entrenamiento f\u00edsico: es un espacio seguro donde ni\u00f1as, ni\u00f1os y j\u00f3venes desarrollan no solo sus habilidades deportivas, sino tambi\u00e9n sus capacidades humanas, emocionales y sociales. Aqu\u00ed, cada entrenamiento es una lecci\u00f3n de vida.<\/p>\n\n\n\n<p>La <strong>misi\u00f3n<\/strong> del club se basa en usar el deporte como herramienta para la transformaci\u00f3n integral. Desde sus inicios, ha trabajado por cultivar talentos, fortalecer el trabajo en equipo y fomentar valores que forman ciudadanos comprometidos con su entorno. Cada jugador es acompa\u00f1ado en su crecimiento f\u00edsico, t\u00e9cnico, t\u00e1ctico y personal.<\/p>\n\n\n\n<figure class=\"wp-block-gallery has-nested-images columns-default is-cropped wp-block-gallery-1 is-layout-flex wp-block-gallery-is-layout-flex\">\n<figure class=\"wp-block-image size-large\"><img loading=\"lazy\" decoding=\"async\" width=\"576\" height=\"1024\" data-id=\"859\" src=\"https:\/\/www.lanovenaestacion.com\/wp-content\/uploads\/2025\/08\/WhatsApp-Image-2025-08-06-at-4.38.42-PM-1-576x1024.jpeg\" alt=\"\" class=\"wp-image-859\" srcset=\"https:\/\/www.lanovenaestacion.com\/wp-content\/uploads\/2025\/08\/WhatsApp-Image-2025-08-06-at-4.38.42-PM-1-576x1024.jpeg 576w, https:\/\/www.lanovenaestacion.com\/wp-content\/uploads\/2025\/08\/WhatsApp-Image-2025-08-06-at-4.38.42-PM-1-169x300.jpeg 169w, https:\/\/www.lanovenaestacion.com\/wp-content\/uploads\/2025\/08\/WhatsApp-Image-2025-08-06-at-4.38.42-PM-1-768x1365.jpeg 768w, https:\/\/www.lanovenaestacion.com\/wp-content\/uploads\/2025\/08\/WhatsApp-Image-2025-08-06-at-4.38.42-PM-1-864x1536.jpeg 864w, https:\/\/www.lanovenaestacion.com\/wp-content\/uploads\/2025\/08\/WhatsApp-Image-2025-08-06-at-4.38.42-PM-1.jpeg 900w\" sizes=\"auto, (max-width: 576px) 100vw, 576px\" \/><\/figure>\n\n\n\n<figure class=\"wp-block-image size-large\"><img loading=\"lazy\" decoding=\"async\" width=\"576\" height=\"1024\" data-id=\"860\" src=\"https:\/\/www.lanovenaestacion.com\/wp-content\/uploads\/2025\/08\/WhatsApp-Image-2025-08-06-at-4.38.42-PM-576x1024.jpeg\" alt=\"\" class=\"wp-image-860\" srcset=\"https:\/\/www.lanovenaestacion.com\/wp-content\/uploads\/2025\/08\/WhatsApp-Image-2025-08-06-at-4.38.42-PM-576x1024.jpeg 576w, https:\/\/www.lanovenaestacion.com\/wp-content\/uploads\/2025\/08\/WhatsApp-Image-2025-08-06-at-4.38.42-PM-169x300.jpeg 169w, https:\/\/www.lanovenaestacion.com\/wp-content\/uploads\/2025\/08\/WhatsApp-Image-2025-08-06-at-4.38.42-PM-768x1365.jpeg 768w, https:\/\/www.lanovenaestacion.com\/wp-content\/uploads\/2025\/08\/WhatsApp-Image-2025-08-06-at-4.38.42-PM-864x1536.jpeg 864w, https:\/\/www.lanovenaestacion.com\/wp-content\/uploads\/2025\/08\/WhatsApp-Image-2025-08-06-at-4.38.42-PM.jpeg 900w\" sizes=\"auto, (max-width: 576px) 100vw, 576px\" \/><\/figure>\n\n\n\n<figure class=\"wp-block-image size-large\"><img loading=\"lazy\" decoding=\"async\" width=\"768\" height=\"1024\" data-id=\"861\" src=\"https:\/\/www.lanovenaestacion.com\/wp-content\/uploads\/2025\/08\/WhatsApp-Image-2025-08-06-at-4.38.41-PM-768x1024.jpeg\" alt=\"\" class=\"wp-image-861\" srcset=\"https:\/\/www.lanovenaestacion.com\/wp-content\/uploads\/2025\/08\/WhatsApp-Image-2025-08-06-at-4.38.41-PM-768x1024.jpeg 768w, https:\/\/www.lanovenaestacion.com\/wp-content\/uploads\/2025\/08\/WhatsApp-Image-2025-08-06-at-4.38.41-PM-225x300.jpeg 225w, https:\/\/www.lanovenaestacion.com\/wp-content\/uploads\/2025\/08\/WhatsApp-Image-2025-08-06-at-4.38.41-PM-1152x1536.jpeg 1152w, https:\/\/www.lanovenaestacion.com\/wp-content\/uploads\/2025\/08\/WhatsApp-Image-2025-08-06-at-4.38.41-PM.jpeg 1200w\" sizes=\"auto, (max-width: 768px) 100vw, 768px\" \/><\/figure>\n<\/figure>\n\n\n\n<p>Con una <strong>visi\u00f3n firme hacia el futuro<\/strong>, Neco Palma F.C. se proyecta como un <strong>club l\u00edder en Antioquia<\/strong>, gracias a su modelo organizativo, su impacto comunitario y su capacidad de formar deportistas con excelencia y compromiso social. La meta no es solo llegar al profesionalismo deportivo, sino construir referentes \u00e9ticos que inspiren a sus comunidades.<\/p>\n\n\n\n<p>Los <strong>valores corporativos<\/strong> que gu\u00edan el d\u00eda a d\u00eda del club son:<br>\u2714\ufe0f Responsabilidad<br>\u2714\ufe0f Disciplina<br>\u2714\ufe0f Respeto<br>\u2714\ufe0f Humildad<br>\u2714\ufe0f Solidaridad<br>\u2714\ufe0f Pertenencia<\/p>\n\n\n\n<p>Estos principios no son solo palabras: se viven en cada pr\u00e1ctica, en cada juego y en cada acci\u00f3n de quienes hacen parte de esta gran familia deportiva.<\/p>\n\n\n\n<p><strong>Neco Palma F.C.<\/strong> tambi\u00e9n se ha destacado por fortalecer alianzas con organizaciones sociales, instituciones educativas y entidades p\u00fablicas, buscando ampliar su impacto m\u00e1s all\u00e1 de las canchas. Su compromiso es claro: formar l\u00edderes que transformen su realidad con pasi\u00f3n, talento y valores.<\/p>\n\n\n\n<p>M\u00e1s que un equipo de f\u00fatbol, <strong>Neco Palma F.C.<\/strong> es un proyecto de vida que representa el poder del deporte para construir identidad, comunidad y esperanza. Una apuesta seria por una Antioquia con m\u00e1s oportunidades y menos desigualdades, donde cada ni\u00f1o y ni\u00f1a tenga un bal\u00f3n, un sue\u00f1o y un camino.<\/p>\n\n\n\n<figure class=\"wp-block-image size-large\"><img loading=\"lazy\" decoding=\"async\" width=\"1024\" height=\"683\" src=\"https:\/\/www.lanovenaestacion.com\/wp-content\/uploads\/2025\/08\/WhatsApp-Image-2025-07-29-at-5.40.10-PM-1024x683.jpeg\" alt=\"\" class=\"wp-image-862\" srcset=\"https:\/\/www.lanovenaestacion.com\/wp-content\/uploads\/2025\/08\/WhatsApp-Image-2025-07-29-at-5.40.10-PM-1024x683.jpeg 1024w, https:\/\/www.lanovenaestacion.com\/wp-content\/uploads\/2025\/08\/WhatsApp-Image-2025-07-29-at-5.40.10-PM-300x200.jpeg 300w, https:\/\/www.lanovenaestacion.com\/wp-content\/uploads\/2025\/08\/WhatsApp-Image-2025-07-29-at-5.40.10-PM-768x512.jpeg 768w, https:\/\/www.lanovenaestacion.com\/wp-content\/uploads\/2025\/08\/WhatsApp-Image-2025-07-29-at-5.40.10-PM.jpeg 1296w\" sizes=\"auto, (max-width: 1024px) 100vw, 1024px\" \/><\/figure>\n\n\n\n<p>\ud83d\udcf2 <strong>Para mayor informaci\u00f3n:<\/strong><br>\ud83d\udcde <strong>WhatsApp:<\/strong> +57 300 416 2811<br>\ud83d\udcf7 <strong>Instagram:<\/strong> <a class=\"\" href=\"https:\/\/www.instagram.com\/c.d.__neco_palma\/\">@c.d.__neco_palma<\/a><br>\ud83d\udd0d O escanea este c\u00f3digo para contactarnos directamente por WhatsApp:<\/p>\n\n\n\n<figure class=\"wp-block-image size-full\"><img loading=\"lazy\" decoding=\"async\" width=\"498\" height=\"462\" src=\"https:\/\/www.lanovenaestacion.com\/wp-content\/uploads\/2025\/08\/WhatsApp-Image-2025-07-31-at-1.55.25-PM.jpeg\" alt=\"\" class=\"wp-image-863\" srcset=\"https:\/\/www.lanovenaestacion.com\/wp-content\/uploads\/2025\/08\/WhatsApp-Image-2025-07-31-at-1.55.25-PM.jpeg 498w, https:\/\/www.lanovenaestacion.com\/wp-content\/uploads\/2025\/08\/WhatsApp-Image-2025-07-31-at-1.55.25-PM-300x278.jpeg 300w\" sizes=\"auto, (max-width: 498px) 100vw, 498px\" \/><\/figure>\n","protected":false},"excerpt":{"rendered":"<p>Antioquia \u2013 En medio de los desaf\u00edos sociales que enfrentan muchos territorios del pa\u00eds, el Club Deportivo Neco Palma F.C. emerge como una luz de esperanza, apostando por el f\u00fatbol como un camino de oportunidades, educaci\u00f3n y cambio positivo para la juventud antioque\u00f1a. Fundado con una clara vocaci\u00f3n social y formativa, Neco Palma F.C. va [&hellip;]<\/p>\n","protected":false},"author":2,"featured_media":866,"comment_status":"open","ping_status":"open","sticky":false,"template":"","format":"standard","meta":{"footnotes":""},"categories":[1],"tags":[],"class_list":["post-857","post","type-post","status-publish","format-standard","has-post-thumbnail","hentry","category-uncategorized"],"_links":{"self":[{"href":"https:\/\/www.lanovenaestacion.com\/index.php\/wp-json\/wp\/v2\/posts\/857","targetHints":{"allow":["GET"]}}],"collection":[{"href":"https:\/\/www.lanovenaestacion.com\/index.php\/wp-json\/wp\/v2\/posts"}],"about":[{"href":"https:\/\/www.lanovenaestacion.com\/index.php\/wp-json\/wp\/v2\/types\/post"}],"author":[{"embeddable":true,"href":"https:\/\/www.lanovenaestacion.com\/index.php\/wp-json\/wp\/v2\/users\/2"}],"replies":[{"embeddable":true,"href":"https:\/\/www.lanovenaestacion.com\/index.php\/wp-json\/wp\/v2\/comments?post=857"}],"version-history":[{"count":2,"href":"https:\/\/www.lanovenaestacion.com\/index.php\/wp-json\/wp\/v2\/posts\/857\/revisions"}],"predecessor-version":[{"id":865,"href":"https:\/\/www.lanovenaestacion.com\/index.php\/wp-json\/wp\/v2\/posts\/857\/revisions\/865"}],"wp:featuredmedia":[{"embeddable":true,"href":"https:\/\/www.lanovenaestacion.com\/index.php\/wp-json\/wp\/v2\/media\/866"}],"wp:attachment":[{"href":"https:\/\/www.lanovenaestacion.com\/index.php\/wp-json\/wp\/v2\/media?parent=857"}],"wp:term":[{"taxonomy":"category","embeddable":true,"href":"https:\/\/www.lanovenaestacion.com\/index.php\/wp-json\/wp\/v2\/categories?post=857"},{"taxonomy":"post_tag","embeddable":true,"href":"https:\/\/www.lanovenaestacion.com\/index.php\/wp-json\/wp\/v2\/tags?post=857"}],"curies":[{"name":"wp","href":"https:\/\/api.w.org\/{rel}","templated":true}]}}