{"id":914,"date":"2025-09-11T21:32:48","date_gmt":"2025-09-12T02:32:48","guid":{"rendered":"https:\/\/www.lanovenaestacion.com\/?p=914"},"modified":"2025-09-11T21:32:48","modified_gmt":"2025-09-12T02:32:48","slug":"golden-music-awards-2025-medellin-colombia","status":"publish","type":"post","link":"https:\/\/www.lanovenaestacion.com\/index.php\/2025\/09\/11\/golden-music-awards-2025-medellin-colombia\/","title":{"rendered":"Golden Music Awards 2025 \u2013 Medell\u00edn, Colombia"},"content":{"rendered":"\n<p>La <strong>19\u00aa edici\u00f3n de los Golden Music Awards<\/strong> se llevar\u00e1 a cabo los d\u00edas <strong>1 y 2 de octubre de 2025<\/strong> en la ciudad de <strong>Medell\u00edn, Colombia<\/strong>, consolid\u00e1ndose como uno de los encuentros musicales m\u00e1s relevantes a nivel internacional.<\/p>\n\n\n\n<p>Este a\u00f1o, la gala presentar\u00e1 una <strong>tem\u00e1tica especial inspirada en los a\u00f1os 80 y 90<\/strong>, brindando una experiencia \u00fanica que reunir\u00e1 en un mismo escenario a <strong>leyendas, nuevos talentos y grandes productores de diferentes pa\u00edses<\/strong>. Ser\u00e1 un homenaje a las ra\u00edces musicales que marcaron generaciones, con fusiones de <strong>reguet\u00f3n, m\u00fasica popular, sonidos tropicales, vallenato y ritmos urbanos<\/strong>.<\/p>\n\n\n\n<figure class=\"wp-block-image size-large\"><img loading=\"lazy\" decoding=\"async\" width=\"819\" height=\"1024\" src=\"https:\/\/www.lanovenaestacion.com\/wp-content\/uploads\/2025\/09\/WhatsApp-Image-2025-09-11-at-6.49.33-PM-819x1024.jpeg\" alt=\"\" class=\"wp-image-915\" srcset=\"https:\/\/www.lanovenaestacion.com\/wp-content\/uploads\/2025\/09\/WhatsApp-Image-2025-09-11-at-6.49.33-PM-819x1024.jpeg 819w, https:\/\/www.lanovenaestacion.com\/wp-content\/uploads\/2025\/09\/WhatsApp-Image-2025-09-11-at-6.49.33-PM-240x300.jpeg 240w, https:\/\/www.lanovenaestacion.com\/wp-content\/uploads\/2025\/09\/WhatsApp-Image-2025-09-11-at-6.49.33-PM-768x960.jpeg 768w, https:\/\/www.lanovenaestacion.com\/wp-content\/uploads\/2025\/09\/WhatsApp-Image-2025-09-11-at-6.49.33-PM-1229x1536.jpeg 1229w, https:\/\/www.lanovenaestacion.com\/wp-content\/uploads\/2025\/09\/WhatsApp-Image-2025-09-11-at-6.49.33-PM.jpeg 1280w\" sizes=\"auto, (max-width: 819px) 100vw, 819px\" \/><\/figure>\n\n\n\n<h2 class=\"wp-block-heading\">Artistas y personalidades confirmadas<\/h2>\n\n\n\n<ul class=\"wp-block-list\">\n<li><strong>Bimbo el Oso Ma\u00f1oso<\/strong>  Interpretar\u00e1 sus mayores \u00e9xitos, incluyendo el recordado <em>\u201c2 de Octubre en Bora Bora\u201d<\/em>.<\/li>\n\n\n\n<li><strong>Cheo Gallego<\/strong> Con su estilo urbano y rap aut\u00e9ntico, llevar\u00e1 la esencia de Medell\u00edn al escenario global.<\/li>\n\n\n\n<li><strong>T\u00edo de 3 Pesos<\/strong>  Pionero e \u00edcono de la m\u00fasica callejera, reconocido por su autenticidad y legado.<\/li>\n\n\n\n<li><strong>DJ Blass<\/strong>  Reconocido como <strong>Leyenda Urbana Internacional 2025<\/strong>, por su trayectoria y aporte a la m\u00fasica mundial.<\/li>\n\n\n\n<li><strong>Vilder Mesa<\/strong>  Embajador de la m\u00fasica popular, llevar\u00e1 el folclor colombiano a una plataforma internacional.<\/li>\n\n\n\n<li><strong>Timothy \u201cEl Poeta de la Calle\u201d<\/strong>  Ex integrante de <em>Fulanito<\/em>, representante del merenhouse y la cultura latina.<\/li>\n<\/ul>\n\n\n\n<hr class=\"wp-block-separator has-alpha-channel-opacity\"\/>\n\n\n\n<h2 class=\"wp-block-heading\"> Liderazgo del evento<\/h2>\n\n\n\n<p>El evento estar\u00e1 presidido por <strong>Malcriao La Firma<\/strong>, Presidente de los Golden Music Awards 2025, reafirmando su papel como <strong>gestor y visionario<\/strong> de esta celebraci\u00f3n de talla mundial.<\/p>\n\n\n\n<hr class=\"wp-block-separator has-alpha-channel-opacity\"\/>\n\n\n\n<h2 class=\"wp-block-heading\">Car\u00e1cter internacional<\/h2>\n\n\n\n<p>Con la presencia de artistas y productores provenientes de <strong>Puerto Rico, Rep\u00fablica Dominicana, Chile, Estados Unidos y Europa<\/strong>, los <strong>Golden Music Awards<\/strong> consolidan su reputaci\u00f3n como una <strong>plataforma global de la m\u00fasica<\/strong>.<\/p>\n\n\n\n<h2 class=\"wp-block-heading\">Agenda oficial<\/h2>\n\n\n\n<ul class=\"wp-block-list\">\n<li><strong>1 de octubre<\/strong>: <em>Showcase de Aniversario<\/em> en <strong>Cabron Palmas<\/strong>, celebrando los <strong>19 a\u00f1os del programa \u201cThe Show con Malcriao\u201d<\/strong>.<\/li>\n\n\n\n<li><strong>2 de octubre<\/strong>: <strong>Gala oficial<\/strong> en <strong>Discoteca Bora Bora \u2013 Medell\u00edn<\/strong>, con alfombra roja, premiaciones y presentaciones en vivo.<\/li>\n<\/ul>\n\n\n\n<hr class=\"wp-block-separator has-alpha-channel-opacity\"\/>\n\n\n\n<p>Los <strong>Golden Music Awards 2025<\/strong> prometen un espect\u00e1culo <strong>inolvidable<\/strong>, que <strong>rinde homenaje a las ra\u00edces, celebra el presente y proyecta el futuro de la m\u00fasica internacional<\/strong>.<\/p>\n\n\n\n<hr class=\"wp-block-separator has-alpha-channel-opacity\"\/>\n\n\n\n<h3 class=\"wp-block-heading\">Contacto de prensa y acreditaciones<\/h3>\n\n\n\n<p>\ud83d\udce7 <a>goldenmusicawardsoficial@gmail.com<\/a><br>\ud83d\udcf1 Instagram: <a href=\"https:\/\/instagram.com\/premiosgoldenmusicawards\">@premiosgoldenmusicawards<\/a><\/p>\n\n\n\n<figure class=\"wp-block-image size-large\"><img loading=\"lazy\" decoding=\"async\" width=\"683\" height=\"1024\" src=\"https:\/\/www.lanovenaestacion.com\/wp-content\/uploads\/2025\/09\/WhatsApp-Image-2025-09-11-at-6.50.03-PM-683x1024.jpeg\" alt=\"\" class=\"wp-image-916\" srcset=\"https:\/\/www.lanovenaestacion.com\/wp-content\/uploads\/2025\/09\/WhatsApp-Image-2025-09-11-at-6.50.03-PM-683x1024.jpeg 683w, https:\/\/www.lanovenaestacion.com\/wp-content\/uploads\/2025\/09\/WhatsApp-Image-2025-09-11-at-6.50.03-PM-200x300.jpeg 200w, https:\/\/www.lanovenaestacion.com\/wp-content\/uploads\/2025\/09\/WhatsApp-Image-2025-09-11-at-6.50.03-PM-768x1152.jpeg 768w, https:\/\/www.lanovenaestacion.com\/wp-content\/uploads\/2025\/09\/WhatsApp-Image-2025-09-11-at-6.50.03-PM-1024x1536.jpeg 1024w, https:\/\/www.lanovenaestacion.com\/wp-content\/uploads\/2025\/09\/WhatsApp-Image-2025-09-11-at-6.50.03-PM-1365x2048.jpeg 1365w, https:\/\/www.lanovenaestacion.com\/wp-content\/uploads\/2025\/09\/WhatsApp-Image-2025-09-11-at-6.50.03-PM-scaled.jpeg 1707w\" sizes=\"auto, (max-width: 683px) 100vw, 683px\" \/><\/figure>\n","protected":false},"excerpt":{"rendered":"<p>La 19\u00aa edici\u00f3n de los Golden Music Awards se llevar\u00e1 a cabo los d\u00edas 1 y 2 de octubre de 2025 en la ciudad de Medell\u00edn, Colombia, consolid\u00e1ndose como uno de los encuentros musicales m\u00e1s relevantes a nivel internacional. Este a\u00f1o, la gala presentar\u00e1 una tem\u00e1tica especial inspirada en los a\u00f1os 80 y 90, brindando [&hellip;]<\/p>\n","protected":false},"author":2,"featured_media":916,"comment_status":"open","ping_status":"open","sticky":false,"template":"","format":"standard","meta":{"footnotes":""},"categories":[1],"tags":[],"class_list":["post-914","post","type-post","status-publish","format-standard","has-post-thumbnail","hentry","category-uncategorized"],"_links":{"self":[{"href":"https:\/\/www.lanovenaestacion.com\/index.php\/wp-json\/wp\/v2\/posts\/914","targetHints":{"allow":["GET"]}}],"collection":[{"href":"https:\/\/www.lanovenaestacion.com\/index.php\/wp-json\/wp\/v2\/posts"}],"about":[{"href":"https:\/\/www.lanovenaestacion.com\/index.php\/wp-json\/wp\/v2\/types\/post"}],"author":[{"embeddable":true,"href":"https:\/\/www.lanovenaestacion.com\/index.php\/wp-json\/wp\/v2\/users\/2"}],"replies":[{"embeddable":true,"href":"https:\/\/www.lanovenaestacion.com\/index.php\/wp-json\/wp\/v2\/comments?post=914"}],"version-history":[{"count":1,"href":"https:\/\/www.lanovenaestacion.com\/index.php\/wp-json\/wp\/v2\/posts\/914\/revisions"}],"predecessor-version":[{"id":917,"href":"https:\/\/www.lanovenaestacion.com\/index.php\/wp-json\/wp\/v2\/posts\/914\/revisions\/917"}],"wp:featuredmedia":[{"embeddable":true,"href":"https:\/\/www.lanovenaestacion.com\/index.php\/wp-json\/wp\/v2\/media\/916"}],"wp:attachment":[{"href":"https:\/\/www.lanovenaestacion.com\/index.php\/wp-json\/wp\/v2\/media?parent=914"}],"wp:term":[{"taxonomy":"category","embeddable":true,"href":"https:\/\/www.lanovenaestacion.com\/index.php\/wp-json\/wp\/v2\/categories?post=914"},{"taxonomy":"post_tag","embeddable":true,"href":"https:\/\/www.lanovenaestacion.com\/index.php\/wp-json\/wp\/v2\/tags?post=914"}],"curies":[{"name":"wp","href":"https:\/\/api.w.org\/{rel}","templated":true}]}}