{"id":954,"date":"2025-10-14T19:32:19","date_gmt":"2025-10-15T00:32:19","guid":{"rendered":"https:\/\/www.lanovenaestacion.com\/?p=954"},"modified":"2025-10-14T19:32:20","modified_gmt":"2025-10-15T00:32:20","slug":"el-festival-de-teatro-comfama-san-ignacio-2025-invita-a-imaginar-lo-posible-en-el-corazon-de-medellin","status":"publish","type":"post","link":"https:\/\/www.lanovenaestacion.com\/index.php\/2025\/10\/14\/el-festival-de-teatro-comfama-san-ignacio-2025-invita-a-imaginar-lo-posible-en-el-corazon-de-medellin\/","title":{"rendered":"El Festival de Teatro Comfama San Ignacio 2025 invita a imaginar lo posible en el coraz\u00f3n de Medell\u00edn\u201d"},"content":{"rendered":"\n<p>Del <strong>1 al 8 de noviembre<\/strong>, el centro de Medell\u00edn se transforma en un gran escenario con la llegada del <strong>Festival de Teatro Comfama San Ignacio 2025<\/strong>, un encuentro que re\u00fane a m\u00e1s de <strong>120 artistas de 9 pa\u00edses<\/strong> para celebrar la diversidad, la memoria y la creatividad a trav\u00e9s de las artes esc\u00e9nicas.<\/p>\n\n\n\n<p>Durante ocho d\u00edas, el <strong>coraz\u00f3n cultural de la ciudad<\/strong> vibrar\u00e1 con una programaci\u00f3n que incluye <strong>danza, circo, teatro de objetos, m\u00fasica y propuestas interdisciplinarias<\/strong>, con el prop\u00f3sito de conectar al p\u00fablico con historias que inspiran, conmueven y despiertan nuevas formas de imaginar el mundo.<\/p>\n\n\n\n<figure class=\"wp-block-gallery has-nested-images columns-default is-cropped wp-block-gallery-1 is-layout-flex wp-block-gallery-is-layout-flex\">\n<figure class=\"wp-block-image size-large\"><img loading=\"lazy\" decoding=\"async\" width=\"819\" height=\"1024\" data-id=\"955\" src=\"https:\/\/www.lanovenaestacion.com\/wp-content\/uploads\/2025\/10\/09-819x1024.jpeg\" alt=\"\" class=\"wp-image-955\" srcset=\"https:\/\/www.lanovenaestacion.com\/wp-content\/uploads\/2025\/10\/09-819x1024.jpeg 819w, https:\/\/www.lanovenaestacion.com\/wp-content\/uploads\/2025\/10\/09-240x300.jpeg 240w, https:\/\/www.lanovenaestacion.com\/wp-content\/uploads\/2025\/10\/09-768x960.jpeg 768w, https:\/\/www.lanovenaestacion.com\/wp-content\/uploads\/2025\/10\/09.jpeg 1080w\" sizes=\"auto, (max-width: 819px) 100vw, 819px\" \/><\/figure>\n\n\n\n<figure class=\"wp-block-image size-large\"><img loading=\"lazy\" decoding=\"async\" width=\"819\" height=\"1024\" data-id=\"962\" src=\"https:\/\/www.lanovenaestacion.com\/wp-content\/uploads\/2025\/10\/08-819x1024.jpeg\" alt=\"\" class=\"wp-image-962\" srcset=\"https:\/\/www.lanovenaestacion.com\/wp-content\/uploads\/2025\/10\/08-819x1024.jpeg 819w, https:\/\/www.lanovenaestacion.com\/wp-content\/uploads\/2025\/10\/08-240x300.jpeg 240w, https:\/\/www.lanovenaestacion.com\/wp-content\/uploads\/2025\/10\/08-768x960.jpeg 768w, https:\/\/www.lanovenaestacion.com\/wp-content\/uploads\/2025\/10\/08.jpeg 1080w\" sizes=\"auto, (max-width: 819px) 100vw, 819px\" \/><\/figure>\n\n\n\n<figure class=\"wp-block-image size-large\"><img loading=\"lazy\" decoding=\"async\" width=\"819\" height=\"1024\" data-id=\"961\" src=\"https:\/\/www.lanovenaestacion.com\/wp-content\/uploads\/2025\/10\/07-819x1024.jpeg\" alt=\"\" class=\"wp-image-961\" srcset=\"https:\/\/www.lanovenaestacion.com\/wp-content\/uploads\/2025\/10\/07-819x1024.jpeg 819w, https:\/\/www.lanovenaestacion.com\/wp-content\/uploads\/2025\/10\/07-240x300.jpeg 240w, https:\/\/www.lanovenaestacion.com\/wp-content\/uploads\/2025\/10\/07-768x960.jpeg 768w, https:\/\/www.lanovenaestacion.com\/wp-content\/uploads\/2025\/10\/07.jpeg 1080w\" sizes=\"auto, (max-width: 819px) 100vw, 819px\" \/><\/figure>\n\n\n\n<figure class=\"wp-block-image size-large\"><img loading=\"lazy\" decoding=\"async\" width=\"819\" height=\"1024\" data-id=\"960\" src=\"https:\/\/www.lanovenaestacion.com\/wp-content\/uploads\/2025\/10\/06-819x1024.jpeg\" alt=\"\" class=\"wp-image-960\" srcset=\"https:\/\/www.lanovenaestacion.com\/wp-content\/uploads\/2025\/10\/06-819x1024.jpeg 819w, https:\/\/www.lanovenaestacion.com\/wp-content\/uploads\/2025\/10\/06-240x300.jpeg 240w, https:\/\/www.lanovenaestacion.com\/wp-content\/uploads\/2025\/10\/06-768x960.jpeg 768w, https:\/\/www.lanovenaestacion.com\/wp-content\/uploads\/2025\/10\/06.jpeg 1080w\" sizes=\"auto, (max-width: 819px) 100vw, 819px\" \/><\/figure>\n\n\n\n<figure class=\"wp-block-image size-large\"><img loading=\"lazy\" decoding=\"async\" width=\"819\" height=\"1024\" data-id=\"963\" src=\"https:\/\/www.lanovenaestacion.com\/wp-content\/uploads\/2025\/10\/05-819x1024.jpeg\" alt=\"\" class=\"wp-image-963\" srcset=\"https:\/\/www.lanovenaestacion.com\/wp-content\/uploads\/2025\/10\/05-819x1024.jpeg 819w, https:\/\/www.lanovenaestacion.com\/wp-content\/uploads\/2025\/10\/05-240x300.jpeg 240w, https:\/\/www.lanovenaestacion.com\/wp-content\/uploads\/2025\/10\/05-768x960.jpeg 768w, https:\/\/www.lanovenaestacion.com\/wp-content\/uploads\/2025\/10\/05.jpeg 1080w\" sizes=\"auto, (max-width: 819px) 100vw, 819px\" \/><\/figure>\n\n\n\n<figure class=\"wp-block-image size-large\"><img loading=\"lazy\" decoding=\"async\" width=\"819\" height=\"1024\" data-id=\"959\" src=\"https:\/\/www.lanovenaestacion.com\/wp-content\/uploads\/2025\/10\/04-819x1024.jpeg\" alt=\"\" class=\"wp-image-959\" srcset=\"https:\/\/www.lanovenaestacion.com\/wp-content\/uploads\/2025\/10\/04-819x1024.jpeg 819w, https:\/\/www.lanovenaestacion.com\/wp-content\/uploads\/2025\/10\/04-240x300.jpeg 240w, https:\/\/www.lanovenaestacion.com\/wp-content\/uploads\/2025\/10\/04-768x960.jpeg 768w, https:\/\/www.lanovenaestacion.com\/wp-content\/uploads\/2025\/10\/04.jpeg 1080w\" sizes=\"auto, (max-width: 819px) 100vw, 819px\" \/><\/figure>\n\n\n\n<figure class=\"wp-block-image size-large\"><img loading=\"lazy\" decoding=\"async\" width=\"819\" height=\"1024\" data-id=\"958\" src=\"https:\/\/www.lanovenaestacion.com\/wp-content\/uploads\/2025\/10\/03-819x1024.jpeg\" alt=\"\" class=\"wp-image-958\" srcset=\"https:\/\/www.lanovenaestacion.com\/wp-content\/uploads\/2025\/10\/03-819x1024.jpeg 819w, https:\/\/www.lanovenaestacion.com\/wp-content\/uploads\/2025\/10\/03-240x300.jpeg 240w, https:\/\/www.lanovenaestacion.com\/wp-content\/uploads\/2025\/10\/03-768x960.jpeg 768w, https:\/\/www.lanovenaestacion.com\/wp-content\/uploads\/2025\/10\/03.jpeg 1080w\" sizes=\"auto, (max-width: 819px) 100vw, 819px\" \/><\/figure>\n\n\n\n<figure class=\"wp-block-image size-large\"><img loading=\"lazy\" decoding=\"async\" width=\"819\" height=\"1024\" data-id=\"957\" src=\"https:\/\/www.lanovenaestacion.com\/wp-content\/uploads\/2025\/10\/02-819x1024.jpeg\" alt=\"\" class=\"wp-image-957\" srcset=\"https:\/\/www.lanovenaestacion.com\/wp-content\/uploads\/2025\/10\/02-819x1024.jpeg 819w, https:\/\/www.lanovenaestacion.com\/wp-content\/uploads\/2025\/10\/02-240x300.jpeg 240w, https:\/\/www.lanovenaestacion.com\/wp-content\/uploads\/2025\/10\/02-768x960.jpeg 768w, https:\/\/www.lanovenaestacion.com\/wp-content\/uploads\/2025\/10\/02.jpeg 1080w\" sizes=\"auto, (max-width: 819px) 100vw, 819px\" \/><\/figure>\n\n\n\n<figure class=\"wp-block-image size-large\"><img loading=\"lazy\" decoding=\"async\" width=\"819\" height=\"1024\" data-id=\"956\" src=\"https:\/\/www.lanovenaestacion.com\/wp-content\/uploads\/2025\/10\/01-819x1024.jpeg\" alt=\"\" class=\"wp-image-956\" srcset=\"https:\/\/www.lanovenaestacion.com\/wp-content\/uploads\/2025\/10\/01-819x1024.jpeg 819w, https:\/\/www.lanovenaestacion.com\/wp-content\/uploads\/2025\/10\/01-240x300.jpeg 240w, https:\/\/www.lanovenaestacion.com\/wp-content\/uploads\/2025\/10\/01-768x960.jpeg 768w, https:\/\/www.lanovenaestacion.com\/wp-content\/uploads\/2025\/10\/01.jpeg 1080w\" sizes=\"auto, (max-width: 819px) 100vw, 819px\" \/><\/figure>\n<\/figure>\n\n\n\n<p>Bajo el lema <strong>\u201cImaginar lo posible\u201d<\/strong>, el festival recorrer\u00e1 escenarios emblem\u00e1ticos de Medell\u00edn como el <strong>Teatro Pablo Tob\u00f3n Uribe, el Peque\u00f1o Teatro, el Teatro Popular de Medell\u00edn, el Teatro Matacandelas, el Teatro Casa Clown, el Patio Teatro del Claustro Comfama San Ignacio<\/strong> y el <strong>Teatro Comfama Alfonso Restrepo Moreno<\/strong>. Cada uno de estos espacios representa una parte esencial de la historia y evoluci\u00f3n del teatro en la ciudad, desde sus or\u00edgenes en el siglo XIX hasta las m\u00e1s recientes expresiones contempor\u00e1neas.<\/p>\n\n\n\n<p>El <strong>Festival de Teatro Comfama San Ignacio<\/strong> es organizado por <strong>Comfama<\/strong> en alianza con instituciones locales e internacionales que promueven el arte, la cultura y el intercambio creativo, entre ellas: la <strong>Uni\u00f3n Europea<\/strong>, el <strong>Ministerio de Cultura de Espa\u00f1a<\/strong>, el <strong>Institut Fran\u00e7ais<\/strong>, la <strong>Xunta de Galicia<\/strong>, <strong>Pro Helvetia<\/strong>, el <strong>Gobierno de Chile<\/strong>, el <strong>Ministerio de Educaci\u00f3n y Cultura de Uruguay<\/strong>, y el <strong>Etxepare Euskal Institutua<\/strong>, entre otros.<\/p>\n\n\n\n<p>M\u00e1s que un evento cultural, este festival es una invitaci\u00f3n a redescubrir el centro de Medell\u00edn como un territorio de encuentro, creaci\u00f3n y esperanza.<\/p>\n\n\n\n<p>\ud83c\udf9f\ufe0f <strong>Entradas disponibles en:<\/strong> <a href=\"https:\/\/latiquetera.com\/site\/festival-de-teatro-comfama-san-ignacio-2025\/\">latiquetera.com<\/a><\/p>\n\n\n\n<p>\ud83d\udcc5 <strong>Fecha:<\/strong> 1 al 8 de noviembre de 2025<br>\ud83d\udccd <strong>Lugar:<\/strong> San Ignacio, Centro de Medell\u00edn<br>\ud83c\udfdb\ufe0f <strong>Organiza:<\/strong> Comfama<\/p>\n\n\n\n<p><strong>#FestivalDeTeatro #TeatroEnMedell\u00edn #CulturaEsEncuentro #AgendaCulturalMedell\u00edn #FestivalComfamaSanIgnacio<\/strong><\/p>\n\n\n\n<figure class=\"wp-block-embed is-type-video is-provider-youtube wp-block-embed-youtube wp-embed-aspect-9-16 wp-has-aspect-ratio\"><div class=\"wp-block-embed__wrapper\">\n<iframe loading=\"lazy\" title=\"\u2728 El centro de Medell\u00edn se transforma en un gran escenario para imaginar lo posible.\" width=\"540\" height=\"960\" src=\"https:\/\/www.youtube.com\/embed\/FvAwxhAlJKU?feature=oembed\" frameborder=\"0\" allow=\"accelerometer; autoplay; clipboard-write; encrypted-media; gyroscope; picture-in-picture; web-share\" referrerpolicy=\"strict-origin-when-cross-origin\" allowfullscreen><\/iframe>\n<\/div><\/figure>\n","protected":false},"excerpt":{"rendered":"<p>Del 1 al 8 de noviembre, el centro de Medell\u00edn se transforma en un gran escenario con la llegada del Festival de Teatro Comfama San Ignacio 2025, un encuentro que re\u00fane a m\u00e1s de 120 artistas de 9 pa\u00edses para celebrar la diversidad, la memoria y la creatividad a trav\u00e9s de las artes esc\u00e9nicas. Durante [&hellip;]<\/p>\n","protected":false},"author":2,"featured_media":964,"comment_status":"open","ping_status":"open","sticky":false,"template":"","format":"standard","meta":{"footnotes":""},"categories":[1],"tags":[],"class_list":["post-954","post","type-post","status-publish","format-standard","has-post-thumbnail","hentry","category-uncategorized"],"_links":{"self":[{"href":"https:\/\/www.lanovenaestacion.com\/index.php\/wp-json\/wp\/v2\/posts\/954","targetHints":{"allow":["GET"]}}],"collection":[{"href":"https:\/\/www.lanovenaestacion.com\/index.php\/wp-json\/wp\/v2\/posts"}],"about":[{"href":"https:\/\/www.lanovenaestacion.com\/index.php\/wp-json\/wp\/v2\/types\/post"}],"author":[{"embeddable":true,"href":"https:\/\/www.lanovenaestacion.com\/index.php\/wp-json\/wp\/v2\/users\/2"}],"replies":[{"embeddable":true,"href":"https:\/\/www.lanovenaestacion.com\/index.php\/wp-json\/wp\/v2\/comments?post=954"}],"version-history":[{"count":2,"href":"https:\/\/www.lanovenaestacion.com\/index.php\/wp-json\/wp\/v2\/posts\/954\/revisions"}],"predecessor-version":[{"id":967,"href":"https:\/\/www.lanovenaestacion.com\/index.php\/wp-json\/wp\/v2\/posts\/954\/revisions\/967"}],"wp:featuredmedia":[{"embeddable":true,"href":"https:\/\/www.lanovenaestacion.com\/index.php\/wp-json\/wp\/v2\/media\/964"}],"wp:attachment":[{"href":"https:\/\/www.lanovenaestacion.com\/index.php\/wp-json\/wp\/v2\/media?parent=954"}],"wp:term":[{"taxonomy":"category","embeddable":true,"href":"https:\/\/www.lanovenaestacion.com\/index.php\/wp-json\/wp\/v2\/categories?post=954"},{"taxonomy":"post_tag","embeddable":true,"href":"https:\/\/www.lanovenaestacion.com\/index.php\/wp-json\/wp\/v2\/tags?post=954"}],"curies":[{"name":"wp","href":"https:\/\/api.w.org\/{rel}","templated":true}]}}